{"id":7050,"date":"2021-05-17T14:36:51","date_gmt":"2021-05-17T17:36:51","guid":{"rendered":"https:\/\/portalnarede.com.br\/?p=7050"},"modified":"2021-05-17T14:36:51","modified_gmt":"2021-05-17T17:36:51","slug":"prefeitura-de-maceio-promove-corujao-da-vacinacao-nos-drive-thrus-o-horario-sera-de-9h-as-21h-desta-segunda-17-ate-quarta-feira-19","status":"publish","type":"post","link":"https:\/\/portalr3.online\/index.php\/2021\/05\/17\/prefeitura-de-maceio-promove-corujao-da-vacinacao-nos-drive-thrus-o-horario-sera-de-9h-as-21h-desta-segunda-17-ate-quarta-feira-19\/","title":{"rendered":"Prefeitura de Macei\u00f3 promove coruj\u00e3o da vacina\u00e7\u00e3o nos drive-thrus; o hor\u00e1rio ser\u00e1 de 9h \u00e0s 21h, desta segunda (17) at\u00e9 quarta-feira (19)"},"content":{"rendered":"\n<p>Informa\u00e7\u00f5es e foto: Ascom Prefeitura de Macei\u00f3<\/p>\n\n\n\n<p>Demais pontos de vacina\u00e7\u00e3o seguem com o hor\u00e1rio das 9h \u00e0s 16h<\/p>\n\n\n\n<p>A popula\u00e7\u00e3o maceioense vai contar nesta segunda (17), ter\u00e7a (18) e quarta-feira (19) com mais um Coruj\u00e3o da Vacina. Durante este per\u00edodo, a vacina\u00e7\u00e3o acontece das 9h \u00e0s 21h, nos drive-thrus do Estacionamento do Jaragu\u00e1 e do Pr\u00e9dio da Justi\u00e7a Federal, na Serraria.<\/p>\n\n\n\n<p>Atualmente, Macei\u00f3 est\u00e1 vacinando integrantes das for\u00e7as armadas, trabalhadores de transporte coletivo rodovi\u00e1rio de passageiros, motoristas e cobradores, trabalhadores de Transporte Metrovi\u00e1rio e Ferrovi\u00e1rio, trabalhadores de Transporte A\u00e9reo, trabalhadores portu\u00e1rios, caminhoneiros, trabalhadores de Transporte Aquavi\u00e1rio.<\/p>\n\n\n\n<p>A imuniza\u00e7\u00e3o segue em hor\u00e1rio normal, das 9h \u00e0s 16h, nos pontos fixos do Shopping Macei\u00f3 (Mangabeiras), Shopping P\u00e1tio e Pra\u00e7a Padre C\u00edcero (ambos no Benedito Bentes), terminal do Osman Loureiro, Pap\u00f3dromo (Vergel) e \u00e1rea externa do Gin\u00e1sio Arivaldo Maia (Jacintinho).<\/p>\n","protected":false},"excerpt":{"rendered":"<p>Informa\u00e7\u00f5es e foto: Ascom Prefeitura de Macei\u00f3 Demais pontos de vacina\u00e7\u00e3o seguem com o hor\u00e1rio das 9h \u00e0s 16h A<\/p>\n","protected":false},"author":1,"featured_media":7051,"comment_status":"open","ping_status":"open","sticky":false,"template":"","format":"standard","meta":{"colormag_page_container_layout":"default_layout","colormag_page_sidebar_layout":"default_layout","footnotes":""},"categories":[10],"tags":[52,397],"class_list":["post-7050","post","type-post","status-publish","format-standard","has-post-thumbnail","hentry","category-noticias","tag-vacinacao","tag-vacinacao-maceio"],"aioseo_notices":[],"_links":{"self":[{"href":"https:\/\/portalr3.online\/index.php\/wp-json\/wp\/v2\/posts\/7050","targetHints":{"allow":["GET"]}}],"collection":[{"href":"https:\/\/portalr3.online\/index.php\/wp-json\/wp\/v2\/posts"}],"about":[{"href":"https:\/\/portalr3.online\/index.php\/wp-json\/wp\/v2\/types\/post"}],"author":[{"embeddable":true,"href":"https:\/\/portalr3.online\/index.php\/wp-json\/wp\/v2\/users\/1"}],"replies":[{"embeddable":true,"href":"https:\/\/portalr3.online\/index.php\/wp-json\/wp\/v2\/comments?post=7050"}],"version-history":[{"count":0,"href":"https:\/\/portalr3.online\/index.php\/wp-json\/wp\/v2\/posts\/7050\/revisions"}],"wp:featuredmedia":[{"embeddable":true,"href":"https:\/\/portalr3.online\/index.php\/wp-json\/wp\/v2\/media\/7051"}],"wp:attachment":[{"href":"https:\/\/portalr3.online\/index.php\/wp-json\/wp\/v2\/media?parent=7050"}],"wp:term":[{"taxonomy":"category","embeddable":true,"href":"https:\/\/portalr3.online\/index.php\/wp-json\/wp\/v2\/categories?post=7050"},{"taxonomy":"post_tag","embeddable":true,"href":"https:\/\/portalr3.online\/index.php\/wp-json\/wp\/v2\/tags?post=7050"}],"curies":[{"name":"wp","href":"https:\/\/api.w.org\/{rel}","templated":true}]}}