{"id":7027,"date":"2021-05-17T10:00:10","date_gmt":"2021-05-17T13:00:10","guid":{"rendered":"https:\/\/portalnarede.com.br\/?p=7027"},"modified":"2021-05-17T10:00:10","modified_gmt":"2021-05-17T13:00:10","slug":"com-poucas-doses-arapiraca-restringe-2a-dose-da-coronavac-para-quem-se-vacinou-ate-1-de-abril","status":"publish","type":"post","link":"https:\/\/portalr3.online\/index.php\/2021\/05\/17\/com-poucas-doses-arapiraca-restringe-2a-dose-da-coronavac-para-quem-se-vacinou-ate-1-de-abril\/","title":{"rendered":"Com poucas doses, Arapiraca restringe 2\u00aa dose da CoronaVac para quem se vacinou at\u00e9 1\u00b0 de Abril"},"content":{"rendered":"\n<p><em>Foto: Ben Stansall\/AFP<\/em><\/p>\n\n\n\n<p><em>*Jo\u00e3o Pedro Magnani &#8211; estagi\u00e1rio sob supervis\u00e3o<\/em><\/p>\n\n\n\n<p>A Secretaria Municipal de Sa\u00fade de Arapiraca informou uma restri\u00e7\u00e3o na imuniza\u00e7\u00e3o com a vacina CoronaVac a partir desta segunda-feira (17) na cidade. Para hoje, apenas as pessoas que receberam a primeira dose at\u00e9 o dia 1\u00b0 de abril podem procurar os postos de vacina\u00e7\u00e3o para aplica\u00e7\u00e3o da segunda dose.<\/p>\n\n\n\n<p>De acordo com um comunicado enviado \u00e0 imprensa, Arapiraca ainda possui uma pequena reserva de imunizantes, produzidos pelo laborat\u00f3rio Butantan, da antiga remessa.<\/p>\n\n\n\n<p>Segundo o prefeito Luciano Barbosa, ser\u00e3o necess\u00e1rias 5 mil doses da CoronaVac para concluir a aplica\u00e7\u00e3o da segunda dose. <\/p>\n\n\n\n<p>Com a chegada de uma nova remessa ao Governo de Alagoas na \u00faltima sexta-feira (14), Arapiraca aguarda o envio para o prosseguimento da imuniza\u00e7\u00e3o.<\/p>\n","protected":false},"excerpt":{"rendered":"<p>Foto: Ben Stansall\/AFP *Jo\u00e3o Pedro Magnani &#8211; estagi\u00e1rio sob supervis\u00e3o A Secretaria Municipal de Sa\u00fade de Arapiraca informou uma restri\u00e7\u00e3o<\/p>\n","protected":false},"author":1,"featured_media":2299,"comment_status":"open","ping_status":"open","sticky":false,"template":"","format":"standard","meta":{"colormag_page_container_layout":"default_layout","colormag_page_sidebar_layout":"default_layout","footnotes":""},"categories":[22],"tags":[137,428,48,82,267],"class_list":["post-7027","post","type-post","status-publish","format-standard","has-post-thumbnail","hentry","category-cidades","tag-arapiraca","tag-butantan","tag-coronavac","tag-covid-19","tag-imunizacao"],"aioseo_notices":[],"_links":{"self":[{"href":"https:\/\/portalr3.online\/index.php\/wp-json\/wp\/v2\/posts\/7027","targetHints":{"allow":["GET"]}}],"collection":[{"href":"https:\/\/portalr3.online\/index.php\/wp-json\/wp\/v2\/posts"}],"about":[{"href":"https:\/\/portalr3.online\/index.php\/wp-json\/wp\/v2\/types\/post"}],"author":[{"embeddable":true,"href":"https:\/\/portalr3.online\/index.php\/wp-json\/wp\/v2\/users\/1"}],"replies":[{"embeddable":true,"href":"https:\/\/portalr3.online\/index.php\/wp-json\/wp\/v2\/comments?post=7027"}],"version-history":[{"count":0,"href":"https:\/\/portalr3.online\/index.php\/wp-json\/wp\/v2\/posts\/7027\/revisions"}],"wp:featuredmedia":[{"embeddable":true,"href":"https:\/\/portalr3.online\/index.php\/wp-json\/"}],"wp:attachment":[{"href":"https:\/\/portalr3.online\/index.php\/wp-json\/wp\/v2\/media?parent=7027"}],"wp:term":[{"taxonomy":"category","embeddable":true,"href":"https:\/\/portalr3.online\/index.php\/wp-json\/wp\/v2\/categories?post=7027"},{"taxonomy":"post_tag","embeddable":true,"href":"https:\/\/portalr3.online\/index.php\/wp-json\/wp\/v2\/tags?post=7027"}],"curies":[{"name":"wp","href":"https:\/\/api.w.org\/{rel}","templated":true}]}}