{"id":7021,"date":"2021-05-17T09:06:42","date_gmt":"2021-05-17T12:06:42","guid":{"rendered":"https:\/\/portalnarede.com.br\/?p=7021"},"modified":"2021-05-17T09:06:42","modified_gmt":"2021-05-17T12:06:42","slug":"maceio-vacina-nesta-segunda-17-integrantes-das-forcas-armadas-e-trabalhadores-do-transporte-coletivo-ferroviario-aereo-e-portuario-alem-de-caminhoneiro","status":"publish","type":"post","link":"https:\/\/portalr3.online\/index.php\/2021\/05\/17\/maceio-vacina-nesta-segunda-17-integrantes-das-forcas-armadas-e-trabalhadores-do-transporte-coletivo-ferroviario-aereo-e-portuario-alem-de-caminhoneiro\/","title":{"rendered":"Macei\u00f3 vacina nesta segunda (17) integrantes das For\u00e7as Armadas e trabalhadores do transporte coletivo, ferrovi\u00e1rio, a\u00e9reo e portu\u00e1rio,  al\u00e9m de caminhoneiro"},"content":{"rendered":"\n<p><em>Imagem: -Edvan Ferreira\/Secom<\/em><\/p>\n\n\n\n<p><em>*Jo\u00e3o Pedro Magnani &#8211; estagi\u00e1rio sob supervis\u00e3o<\/em><\/p>\n\n\n\n<p>A Prefeitura de Macei\u00f3 anunciou, nesse domingo (16), a inclus\u00e3o de novos grupos no programa de imuniza\u00e7\u00e3o contra a Covid-19 na capital. O comunicado, feito via Secretaria Municipal de Sa\u00fade, informou que j\u00e1 nesta segunda-feira (17) ser\u00e3o vacinados integrantes das For\u00e7as Armadas, trabalhadores do Transporte Coletivo Rodovi\u00e1rios de Passageiros, do Transporte Ferrovi\u00e1rio, do Transporte A\u00e9reo, do Transporte Aquavi\u00e1rio, portu\u00e1rios e caminhoneiros.<\/p>\n\n\n\n<p>Os indiv\u00edduos inclu\u00eddos nestes grupos devem comparecer a um dos oito pontos de vacina\u00e7\u00e3o, espalhados pela capital alagoana, que estar\u00e3o funcionando das 9h \u00e0s 16h, portando: documento com foto e CPF, as categorias precisam apresentar original e c\u00f3pia que comprove o desempenho da fun\u00e7\u00e3o em Macei\u00f3.<\/p>\n\n\n\n<p>\u201cA vacina\u00e7\u00e3o cresce sem parar na nossa capital. Come\u00e7o a semana informando que ultrapassamos a marca de 200 mil maceioenses vacinados com a 1\u00aa dose, ou seja, 2 pessoas a cada 10. Cuidar da popula\u00e7\u00e3o \u00e9 minha maior miss\u00e3o e meu objetivo \u00e0 frente da Prefeitura\u201d, escreveu JHC, em uma de suas redes sociais.<\/p>\n\n\n\n<p>Para mais informa\u00e7\u00f5es sobre as documenta\u00e7\u00f5es necess\u00e1rias para os novos grupos inclu\u00eddos no programa de imuniza\u00e7\u00e3o confira no link: <a href=\"http:\/\/www.maceio.al.gov.br\/2021\/05\/maceio-comeca-a-vacinar-novo-grupo-nesta-segunda-confira-documentacao\/\" target=\"_blank\" rel=\"noreferrer noopener\">http:\/\/www.maceio.al.gov.br\/2021\/05\/maceio-comeca-a-vacinar-novo-grupo-nesta-segunda-confira-documentacao\/<\/a><\/p>\n","protected":false},"excerpt":{"rendered":"<p>Imagem: -Edvan Ferreira\/Secom *Jo\u00e3o Pedro Magnani &#8211; estagi\u00e1rio sob supervis\u00e3o A Prefeitura de Macei\u00f3 anunciou, nesse domingo (16), a inclus\u00e3o<\/p>\n","protected":false},"author":1,"featured_media":7022,"comment_status":"open","ping_status":"open","sticky":false,"template":"","format":"standard","meta":{"colormag_page_container_layout":"default_layout","colormag_page_sidebar_layout":"default_layout","footnotes":""},"categories":[10],"tags":[82,267,140,37],"class_list":["post-7021","post","type-post","status-publish","format-standard","has-post-thumbnail","hentry","category-noticias","tag-covid-19","tag-imunizacao","tag-jhc","tag-maceio"],"aioseo_notices":[],"_links":{"self":[{"href":"https:\/\/portalr3.online\/index.php\/wp-json\/wp\/v2\/posts\/7021","targetHints":{"allow":["GET"]}}],"collection":[{"href":"https:\/\/portalr3.online\/index.php\/wp-json\/wp\/v2\/posts"}],"about":[{"href":"https:\/\/portalr3.online\/index.php\/wp-json\/wp\/v2\/types\/post"}],"author":[{"embeddable":true,"href":"https:\/\/portalr3.online\/index.php\/wp-json\/wp\/v2\/users\/1"}],"replies":[{"embeddable":true,"href":"https:\/\/portalr3.online\/index.php\/wp-json\/wp\/v2\/comments?post=7021"}],"version-history":[{"count":0,"href":"https:\/\/portalr3.online\/index.php\/wp-json\/wp\/v2\/posts\/7021\/revisions"}],"wp:featuredmedia":[{"embeddable":true,"href":"https:\/\/portalr3.online\/index.php\/wp-json\/wp\/v2\/media\/7022"}],"wp:attachment":[{"href":"https:\/\/portalr3.online\/index.php\/wp-json\/wp\/v2\/media?parent=7021"}],"wp:term":[{"taxonomy":"category","embeddable":true,"href":"https:\/\/portalr3.online\/index.php\/wp-json\/wp\/v2\/categories?post=7021"},{"taxonomy":"post_tag","embeddable":true,"href":"https:\/\/portalr3.online\/index.php\/wp-json\/wp\/v2\/tags?post=7021"}],"curies":[{"name":"wp","href":"https:\/\/api.w.org\/{rel}","templated":true}]}}