{"id":7017,"date":"2021-05-16T13:27:50","date_gmt":"2021-05-16T16:27:50","guid":{"rendered":"https:\/\/portalnarede.com.br\/?p=7017"},"modified":"2021-05-16T13:27:50","modified_gmt":"2021-05-16T16:27:50","slug":"jovem-e-assassinado-a-tiros-no-benedito-bentes-corpo-e-encontrado-em-terreno-baldio","status":"publish","type":"post","link":"https:\/\/portalr3.online\/index.php\/2021\/05\/16\/jovem-e-assassinado-a-tiros-no-benedito-bentes-corpo-e-encontrado-em-terreno-baldio\/","title":{"rendered":"Jovem \u00e9 assassinado a tiros no benedito bentes; corpo \u00e9 encontrado em terreno baldio"},"content":{"rendered":"\n<p>A pol\u00edcia investiga o crime, motiva\u00e7\u00e3o ainda \u00e9 desconhecida<\/p>\n\n\n\n<p>O corpo de um jovem foi encontrado em um terreno baldio, no bairro do Benedito Bentes, em Macei\u00f3, nesse s\u00e1bado (15).<\/p>\n\n\n\n<p>A \u00fanica informa\u00e7\u00e3o repassada sobre a identidade da v\u00edtima foi a idade, 22 anos. A v\u00edtima, que n\u00e3o teve o nome divulgado, foi encontrada com v\u00e1rias marcas de tiros pelo corpo.<\/p>\n\n\n\n<p>Peritos do Instituto de Criminal\u00edstica (IC) e funcion\u00e1rios do Instituto M\u00e9dico Legal (IML) tamb\u00e9m foram acionados ao local, para a per\u00edcia do corpo e o seu recolhimento, respectivamente.<\/p>\n\n\n\n<p>De acordo com a Pol\u00edcia Militar (PM), a motiva\u00e7\u00e3o para o crime, at\u00e9 o momento, \u00e9 desconhecida.<\/p>\n","protected":false},"excerpt":{"rendered":"<p>A pol\u00edcia investiga o crime, motiva\u00e7\u00e3o ainda \u00e9 desconhecida O corpo de um jovem foi encontrado em um terreno baldio,<\/p>\n","protected":false},"author":1,"featured_media":862,"comment_status":"open","ping_status":"open","sticky":false,"template":"","format":"standard","meta":{"colormag_page_container_layout":"default_layout","colormag_page_sidebar_layout":"default_layout","footnotes":""},"categories":[10],"tags":[609,610,611,612],"class_list":["post-7017","post","type-post","status-publish","format-standard","has-post-thumbnail","hentry","category-noticias","tag-benedito-bentes","tag-biu","tag-corpo-em-terreno-no-biu","tag-corpo-encontrado-em-terreno-baldio"],"aioseo_notices":[],"_links":{"self":[{"href":"https:\/\/portalr3.online\/index.php\/wp-json\/wp\/v2\/posts\/7017","targetHints":{"allow":["GET"]}}],"collection":[{"href":"https:\/\/portalr3.online\/index.php\/wp-json\/wp\/v2\/posts"}],"about":[{"href":"https:\/\/portalr3.online\/index.php\/wp-json\/wp\/v2\/types\/post"}],"author":[{"embeddable":true,"href":"https:\/\/portalr3.online\/index.php\/wp-json\/wp\/v2\/users\/1"}],"replies":[{"embeddable":true,"href":"https:\/\/portalr3.online\/index.php\/wp-json\/wp\/v2\/comments?post=7017"}],"version-history":[{"count":0,"href":"https:\/\/portalr3.online\/index.php\/wp-json\/wp\/v2\/posts\/7017\/revisions"}],"wp:featuredmedia":[{"embeddable":true,"href":"https:\/\/portalr3.online\/index.php\/wp-json\/"}],"wp:attachment":[{"href":"https:\/\/portalr3.online\/index.php\/wp-json\/wp\/v2\/media?parent=7017"}],"wp:term":[{"taxonomy":"category","embeddable":true,"href":"https:\/\/portalr3.online\/index.php\/wp-json\/wp\/v2\/categories?post=7017"},{"taxonomy":"post_tag","embeddable":true,"href":"https:\/\/portalr3.online\/index.php\/wp-json\/wp\/v2\/tags?post=7017"}],"curies":[{"name":"wp","href":"https:\/\/api.w.org\/{rel}","templated":true}]}}