{"id":6996,"date":"2021-05-16T10:52:46","date_gmt":"2021-05-16T13:52:46","guid":{"rendered":"https:\/\/portalnarede.com.br\/?p=6996"},"modified":"2021-05-16T10:52:46","modified_gmt":"2021-05-16T13:52:46","slug":"com-vacina-da-pfizer-maceio-comeca-a-imunizar-gestantes-e-puerperas-com-comorbidades-neste-domingo-16","status":"publish","type":"post","link":"https:\/\/portalr3.online\/index.php\/2021\/05\/16\/com-vacina-da-pfizer-maceio-comeca-a-imunizar-gestantes-e-puerperas-com-comorbidades-neste-domingo-16\/","title":{"rendered":"Com vacina da Pfizer, Macei\u00f3 come\u00e7a a imunizar gestantes e pu\u00e9rperas com comorbidades neste domingo (16)"},"content":{"rendered":"\n<p><strong><em>Transplantados com 18 anos ou mais tamb\u00e9m ser\u00e3o vacinados<\/em><\/strong><\/p>\n\n\n\n<p>*Com informa\u00e7\u00f5es e foto: assessoria<\/p>\n\n\n\n<p>A prefeitura de Macei\u00f3 anunciou neste domingo (16) que gestantes e pu\u00e9rperas de at\u00e9 45 dias podem se dirigir aos postos de vacina\u00e7\u00e3o contra a Covid-19 para serem imunizadas. A vacina ocorrer\u00e1 com doses da Pfizer, que tamb\u00e9m est\u00e1 sendo destinada a imuniza\u00e7\u00e3o de pessoas transplantadas com 18 anos ou mais. A vacina\u00e7\u00e3o de gestantes e pu\u00e9rperas que n\u00e3o tenham comorbidades continuam com a vacina\u00e7\u00e3o suspensa, at\u00e9 nova determina\u00e7\u00e3o do Minist\u00e9rio da Sa\u00fade e respeitando a recomenda\u00e7\u00e3o da Anvisa.<\/p>\n\n\n\n<p>Pessoas transplantadas devem comprovar sua condi\u00e7\u00e3o com relat\u00f3rio m\u00e9dico ou prescri\u00e7\u00e3o m\u00e9dica para a vacina contendo a condi\u00e7\u00e3o que justifica a vacina\u00e7\u00e3o.<\/p>\n\n\n\n<p>Os oito pontos de vacina\u00e7\u00e3o funcionam das 9h \u00e0s 16h. S\u00e3o eles: drive-thru do estacionamento de Jaragu\u00e1, drive-thru da sede da Justi\u00e7a Federal (Serraria), Shopping Macei\u00f3 (Mangabeiras), Shopping P\u00e1tio e Pra\u00e7a Tiradentes (ambos no Benedito Bentes), terminal do Osman Loueiro, Pap\u00f3dromo (Vergel) e \u00e1rea externa do Gin\u00e1sio Arivaldo Maia (Jacintinho).<\/p>\n","protected":false},"excerpt":{"rendered":"<p>Transplantados com 18 anos ou mais tamb\u00e9m ser\u00e3o vacinados *Com informa\u00e7\u00f5es e foto: assessoria A prefeitura de Macei\u00f3 anunciou neste<\/p>\n","protected":false},"author":1,"featured_media":1493,"comment_status":"open","ping_status":"open","sticky":false,"template":"","format":"standard","meta":{"colormag_page_container_layout":"default_layout","colormag_page_sidebar_layout":"default_layout","footnotes":""},"categories":[10],"tags":[47,82,37,289,110],"class_list":["post-6996","post","type-post","status-publish","format-standard","has-post-thumbnail","hentry","category-noticias","tag-alagoas","tag-covid-19","tag-maceio","tag-pfizer","tag-vacina"],"aioseo_notices":[],"_links":{"self":[{"href":"https:\/\/portalr3.online\/index.php\/wp-json\/wp\/v2\/posts\/6996","targetHints":{"allow":["GET"]}}],"collection":[{"href":"https:\/\/portalr3.online\/index.php\/wp-json\/wp\/v2\/posts"}],"about":[{"href":"https:\/\/portalr3.online\/index.php\/wp-json\/wp\/v2\/types\/post"}],"author":[{"embeddable":true,"href":"https:\/\/portalr3.online\/index.php\/wp-json\/wp\/v2\/users\/1"}],"replies":[{"embeddable":true,"href":"https:\/\/portalr3.online\/index.php\/wp-json\/wp\/v2\/comments?post=6996"}],"version-history":[{"count":0,"href":"https:\/\/portalr3.online\/index.php\/wp-json\/wp\/v2\/posts\/6996\/revisions"}],"wp:featuredmedia":[{"embeddable":true,"href":"https:\/\/portalr3.online\/index.php\/wp-json\/"}],"wp:attachment":[{"href":"https:\/\/portalr3.online\/index.php\/wp-json\/wp\/v2\/media?parent=6996"}],"wp:term":[{"taxonomy":"category","embeddable":true,"href":"https:\/\/portalr3.online\/index.php\/wp-json\/wp\/v2\/categories?post=6996"},{"taxonomy":"post_tag","embeddable":true,"href":"https:\/\/portalr3.online\/index.php\/wp-json\/wp\/v2\/tags?post=6996"}],"curies":[{"name":"wp","href":"https:\/\/api.w.org\/{rel}","templated":true}]}}