{"id":6993,"date":"2021-05-16T10:40:26","date_gmt":"2021-05-16T13:40:26","guid":{"rendered":"https:\/\/portalnarede.com.br\/?p=6993"},"modified":"2021-05-16T10:40:26","modified_gmt":"2021-05-16T13:40:26","slug":"morre-bruno-covas-mais-jovem-prefeito-de-sao-paulo-vitima-de-cancer","status":"publish","type":"post","link":"https:\/\/portalr3.online\/index.php\/2021\/05\/16\/morre-bruno-covas-mais-jovem-prefeito-de-sao-paulo-vitima-de-cancer\/","title":{"rendered":"Morre Bruno Covas, mais jovem prefeito de S\u00e3o Paulo, v\u00edtima de c\u00e2ncer"},"content":{"rendered":"\n<p>*Fonte: CNN Brasil<\/p>\n\n\n\n<p>O prefeito de S\u00e3o Paulo,\u00a0<strong>Bruno Covas<\/strong>\u00a0(PSDB), morreu \u00e0s 8h20 deste domingo (16), aos 41 anos, v\u00edtima de\u00a0<strong>c\u00e2ncer<\/strong>. Desde 2019, Covas enfrentava a doen\u00e7a, inicialmente descoberta no trato digestivo, mas que se espalhou para o f\u00edgado e para os ossos. A not\u00edcia da morte foi confirmada em nota hoje divulgada pela assessoria do prefeito.<\/p>\n\n\n\n<p>O quadro de sa\u00fade do prefeito era considerado irrevers\u00edvel, desde sexta-feira (14), pela equipe de m\u00e9dicos do Hospital S\u00edrio-Liban\u00eas, onde estebe internado desde 2 de maio.<\/p>\n\n\n\n<p>O prefeito, que era divorciado, deixa um filho, Tom\u00e1s Covas, de 15 anos. &nbsp;<\/p>\n\n\n\n<p>O tucano Bruno Covas tornou-se prefeito de S\u00e3o Paulo em 2018, ap\u00f3s a ren\u00fancia de Jo\u00e3o Doria (PSDB), de quem era vice. Em 2020, foi reeleito no segundo turno com 3.169.121 votos, o equivalente a 59,38% dos votos v\u00e1lidos. O atual vice-prefeito,\u00a0<strong>Ricardo Nunes<\/strong>\u00a0(MDB), assumir\u00e1 o comando da cidade.\u00a0<\/p>\n\n\n\n<p>Covas j\u00e1 estava licenciado do cargo desde o in\u00edcio de maio, quando houve piora do quadro. Nunes assumiu como prefeito em exerc\u00edcio em 3 de maio.<\/p>\n\n\n\n<h2 class=\"wp-block-heading\">Saiba mais sobre Bruno Covas<\/h2>\n\n\n\n<h2 class=\"wp-block-heading\">C\u00e2ncer&nbsp;<\/h2>\n\n\n\n<p>Em outubro de 2019, Covas descobriu ter um c\u00e2ncer ao ser internado no hospital S\u00edrio-Liban\u00eas para tratar inicialmente uma erisipela nas pernas, que, mais tarde, revelou-se uma trombose venosa.&nbsp;<br>&nbsp; &nbsp;<br>Em outra bateria de exames foi constatado, al\u00e9m do tromboembolismo pulmonar, um tumor maligno no trato digestivo com met\u00e1stase no f\u00edgado. O prefeito foi submetido a diversas sess\u00f5es de quimioterapia e as encerrou em fevereiro deste ano. &nbsp;&nbsp;<\/p>\n\n\n\n<p>Com boa evolu\u00e7\u00e3o m\u00e9dica, os tumores de Covas chegaram a desaparecer dias ap\u00f3s o encerramento da \u00faltima sess\u00e3o de quimioterapia. De acordo com os m\u00e9dicos, o pol\u00edtico teve \u201cuma rea\u00e7\u00e3o excepcional\u201d ao tratamento. Uma bi\u00f3psia para analisar os linfonodos localizados ao lado do f\u00edgado, que tamb\u00e9m apresentava les\u00f5es, foi solicitada na \u00e9poca para confirmar o desaparecimento.&nbsp;<br>&nbsp; &nbsp;<br>Durante o per\u00edodo de tratamento, o prefeito n\u00e3o se afastou do cargo e despachou com auxiliares no pr\u00f3prio hospital. &nbsp;<\/p>\n\n\n\n<p>Em abril de 2021, j\u00e1 como prefeito reeleito de S\u00e3o Paulo, m\u00e9dicos descobriram novos pontos de c\u00e2ncer em Covas, sendo que o f\u00edgado e os ossos foram atingidos. O tucano foi ent\u00e3o submetido a novo tratamento quimioter\u00e1pico e tamb\u00e9m \u00e0 imunoterapia. Dias depois, a equipe m\u00e9dica respons\u00e1vel pelo tratamento do prefeito informou que Covas apresentou ac\u00famulo de l\u00edquidos nos pulm\u00f5es e no f\u00edgado.\u00a0<\/p>\n\n\n\n<h2 class=\"wp-block-heading\">Forma\u00e7\u00e3o pol\u00edtica &nbsp;<\/h2>\n\n\n\n<p>O santista Bruno Covas n\u00e3o passou um ano sequer de sua vida sem que a pol\u00edtica estivesse presente em sua casa. Quando nasceu em 1980, seu av\u00f4, o ex-governador M\u00e1rio Covas (PSDB), naquela \u00e9poca deputado federal, era uma das principais lideran\u00e7as do ent\u00e3o MDB, \u00fanico partido de oposi\u00e7\u00e3o \u00e0 Ditadura Militar.&nbsp;<\/p>\n\n\n\n<p>Desde ent\u00e3o, o sobrenome que inaugurou em 1995 uma sequ\u00eancia de governos tucanos que dura at\u00e9 hoje no estado de S\u00e3o Paulo nunca mais o abandonou. Apesar do envolvimento precoce com a pol\u00edtica \u2014 aos oito anos participava do \u201cClube dos Tucaninhos\u201d e, aos 18, filiou-se ao PSDB \u2014 o ep\u00edteto \u201cneto de Covas\u201d seguiu Bruno mesmo quando ele j\u00e1 era parlamentar. &nbsp;<\/p>\n\n\n\n<h2 class=\"wp-block-heading\">Destaques do CNN Brasil Business<\/h2>\n\n\n\n<p>Sua posse como prefeito de S\u00e3o Paulo, cargo que o av\u00f4 tamb\u00e9m ocupou entre 1983 e 1985, ficou cada vez mais \u00f3bvia na medida em que Jo\u00e3o Doria projetava voos mais altos ap\u00f3s assumir o Executivo municipal em 2017. &nbsp;&nbsp;<\/p>\n\n\n\n<p>Indicado para a disputa municipal em um ruidoso processo de pr\u00e9vias internas, Doria n\u00e3o contou com o apoio de Bruno em um primeiro momento, mas tinha como fiador o ent\u00e3o governador Geraldo Alckmin (PSDB), mais bem-sucedido herdeiro do esp\u00f3lio eleitoral de M\u00e1rio Covas, v\u00edtima de c\u00e2ncer em 2001, de quem Alckmin foi vice.&nbsp;<\/p>\n\n\n\n<p>A escolha de Bruno Covas para compor a chapa foi vista como um gesto de pacifica\u00e7\u00e3o por parte de Doria, que era visto internamente como um estranho no ninho.&nbsp;<\/p>\n\n\n\n<p>Depois de pouco mais de um ano de mandato, Doria renunciou ao cargo para concorrer ao governo estadual, em um processo que deixou fissuras no PSDB paulista, incluindo a sa\u00edda do partido de M\u00e1rio Covas Neto, tio de Bruno e filho do ex-governador, hoje no Podemos.&nbsp;<\/p>\n\n\n\n<p>Incentivado pelo prefeito Doria, Bruno Covas passou por uma mudan\u00e7a que incluiu a perda de 15 quilos, a ado\u00e7\u00e3o de uma rotina de exerc\u00edcios f\u00edsicos e de um estilo mais despojado. De cabelos raspados e usando barba, ele ainda dispensou o palet\u00f3 e a gravata \u2014 uma imagem mais adequada para um jovem potencial candidato \u00e0 reelei\u00e7\u00e3o. &nbsp;<\/p>\n\n\n\n<p>Bruno Covas nunca fez muito esfor\u00e7o para negar o apelido de \u201cbaladeiro\u201d: seu anivers\u00e1rio de 38 anos, j\u00e1 \u00e0 frente do Executivo, foi comemorado no Villa Country, movimentada casa sertaneja da Barra Funda, bairro da Zona Oeste onde o prefeito morava. Nas redes sociais, o tucano compartilhava fotos de corridas no Ibirapuera, jogos do Santos ao lado do filho Tom\u00e1s e, claro, homenagens ao av\u00f4. &nbsp;<\/p>\n\n\n\n<p>Adepto de uma rotina de exerc\u00edcios, Bruno Covas chegou a aprovar a instala\u00e7\u00e3o de uma academia no terceiro andar da sede da prefeitura de S\u00e3o Paulo, a que todos os servidores t\u00eam acesso fora do hor\u00e1rio de expediente. O prefeito, entretanto, n\u00e3o chegou a usar o espa\u00e7o. &nbsp;<\/p>\n\n\n\n<p>Ap\u00f3s assumir, Bruno Covas fez quest\u00e3o de pontuar diferen\u00e7as de seu estilo ao de Jo\u00e3o Doria, que tinha como um de seus slogans se definir como gestor, n\u00e3o pol\u00edtico. Apoiado na for\u00e7a do sobrenome, Bruno, ao contr\u00e1rio, alardeava suas origens, seu curr\u00edculo e sua capacidade de articula\u00e7\u00e3o. &nbsp;<\/p>\n\n\n\n<h2 class=\"wp-block-heading\">Carreira &nbsp;<\/h2>\n\n\n\n<p>A rela\u00e7\u00e3o com M\u00e1rio Covas n\u00e3o se resumia \u00e0 pol\u00edtica. Quando crian\u00e7a, Bruno acompanhava o ent\u00e3o senador em eventos e viagens a Bras\u00edlia. Aos 15, foi morar no Pal\u00e1cio dos Bandeirantes com o rec\u00e9m-eleito governador, onde permaneceu at\u00e9 a morte do av\u00f4. &nbsp;<\/p>\n\n\n\n<p>Neste per\u00edodo morando na resid\u00eancia oficial do governo de S\u00e3o Paulo, Bruno Covas formou-se em Direito pela Universidade de S\u00e3o Paulo (USP), em 2002, e em Economia pela Pontif\u00edcia Universidade Cat\u00f3lica de S\u00e3o Paulo (PUC-SP), em 2005. Al\u00e9m da forma\u00e7\u00e3o acad\u00eamica, o outro p\u00e9 na pol\u00edtica era mantido com a presid\u00eancia da Juventude Tucana, que ocupou at\u00e9 2011. &nbsp;<\/p>\n\n\n\n<p>Em suas redes sociais, Bruno demonstrava frequentemente a sua rela\u00e7\u00e3o com o av\u00f4. \u201c06.03.01 foi um dos dias mais tristes da minha vida. Perdi meu av\u00f4, minha refer\u00eancia. Divido com todos a responsabilidade de levar adiante o seu legado\u201d, escreveu o neto ao relembrar foto de sua inf\u00e2ncia com o ex-governador. &nbsp;<\/p>\n\n\n\n<p>A primeira incurs\u00e3o eleitoral se deu em 2004, quando Bruno Covas tinha 24 anos e foi candidato a vice-prefeito de sua cidade natal em uma chapa encabe\u00e7ada por Raul Christiano \u2014 que n\u00e3o se elegeu. No ano seguinte, tornou-se assessor da lideran\u00e7a do PSDB na Assembleia Legislativa de S\u00e3o Paulo (Alesp), onde, contou \u00e0 revista Piau\u00ed, decorou o regimento interno e tornou-se refer\u00eancia para os parlamentares. &nbsp;<\/p>\n\n\n\n<p>Bruno Covas passou a dar expediente na Alesp como deputado estadual depois de ser eleito em 2006 com 122 mil votos. Em 2010, praticamente dobrou sua prefer\u00eancia entre os eleitores (239 mil votos) e reelegeu-se como o candidato mais votado para o cargo no estado naquele ano. &nbsp;<\/p>\n\n\n\n<p>O tucano, entretanto, afastou-se de seu segundo mandato na assembleia estadual para assumir a secretaria do Meio Ambiente do estado na gest\u00e3o de Geraldo Alckmin. No Executivo estadual, Bruno chegou a ensaiar uma candidatura \u00e0 prefeitura da capital para as elei\u00e7\u00f5es municipais de 2012 e transferiu seu t\u00edtulo de Santos para S\u00e3o Paulo. &nbsp;<\/p>\n\n\n\n<p>Com sua pr\u00e9-candidatura anunciada (Jos\u00e9 Serra acabaria sendo o indicado do partido para o pleito de 2012), Bruno Covas envolveu-se em uma pol\u00eamica ao contar, em uma entrevista ao jornal&nbsp;<em>O Estado de S. Paulo<\/em>, ter recusado uma oferta de propina de um prefeito por ter aprovado uma emenda parlamentar. Convidado pela oposi\u00e7\u00e3o a prestar esclarecimentos na Comiss\u00e3o de \u00c9tica, disse ter sido mal interpretado e que a quest\u00e3o se resumiu a um exemplo hipot\u00e9tico do que era correto a ser feito. &nbsp;<\/p>\n\n\n\n<p>Eleito deputado federal em 2014 com 352.708 votos, Bruno Covas teve uma breve passagem pela C\u00e2mara Federal, em Bras\u00edlia, j\u00e1 que em 2016 foi eleito vice-prefeito na chapa de Jo\u00e3o Doria, que superou, em primeiro turno, o ent\u00e3o prefeito petista Fernando Haddad, em uma elei\u00e7\u00e3o marcada pelos efeitos do impeachment de Dilma Rousseff (PT) \u2014 pelo qual Bruno votou a favor enquanto parlamentar. &nbsp;<\/p>\n\n\n\n<p>J\u00e1 na prefeitura, acumulou o cargo de secret\u00e1rio das Prefeituras Regionais, mas depois foi realocado para a Casa Civil ap\u00f3s mudan\u00e7as promovidas por Jo\u00e3o Doria. Ap\u00f3s 15 meses de trabalho, o ent\u00e3o prefeito deixou o cargo para disputar candidatura pelo governo do Estado de S\u00e3o Paulo nas elei\u00e7\u00f5es de 2018. Covas assumiu a cadeira em seguida, com intuito de concluir o governo de seu antecessor. &nbsp;<\/p>\n\n\n\n<h2 class=\"wp-block-heading\">Reelei\u00e7\u00e3o&nbsp;<\/h2>\n\n\n\n<p>A pandemia da Covid-19 mudou de forma significativa a perspectiva para as elei\u00e7\u00f5es municipais de 2020. Governadores e prefeitos, como Covas, ganharam proje\u00e7\u00e3o di\u00e1ria nos ve\u00edculos de imprensa com as medidas adotadas para conter a propaga\u00e7\u00e3o do novo coronav\u00edrus. &nbsp;<\/p>\n\n\n\n<p>O prefeito articulou a sua candidatura \u00e0 reelei\u00e7\u00e3o pelo PSDB centrado no discurso de que a cidade deveria apostar na manuten\u00e7\u00e3o da administra\u00e7\u00e3o como melhor estrat\u00e9gia para a conten\u00e7\u00e3o da pandemia.&nbsp;<\/p>\n\n\n\n<p>Conseguiu transformar a ampla base na C\u00e2mara Municipal em chapa para a disputa eleitoral. Empres\u00e1rio e vereador em segundo mandato, um dos mais influentes do legislativo paulistano, Ricardo Nunes (MDB) foi convertido em candidato a vice-prefeito e defendido por Covas mesmo diante de retomadas antigas acusa\u00e7\u00f5es de viol\u00eancia dom\u00e9stica por parte do emedebista, que nega.&nbsp;<\/p>\n\n\n\n<p>Bruno Covas ainda ressuscitou uma antiga e controversa alian\u00e7a do av\u00f4. Em 1998, quando M\u00e1rio Covas enfrentou Paulo Maluf no segundo turno da disputa pelo Pal\u00e1cio dos Bandeirantes, buscou e obteve o apoio do PT para derrot\u00e1-lo. Uma m\u00e3o lavou a outra em 2000, quando Alckmin ficou fora do segundo turno para a Prefeitura e Covas endossou a vit\u00f3ria de Marta Suplicy (PT) contra o mesmo Maluf.&nbsp;<\/p>\n\n\n\n<p>J\u00e1 fora do PT, Marta se aproximou de Bruno Covas e se engajou em sua campanha, divulgando o prefeito em regi\u00f5es onde segue popular, sobretudo na Zona Leste da cidade. Com Covas reeleito, a ex-prefeita se tornou secret\u00e1ria municipal de Rela\u00e7\u00f5es Internacionais da capital paulista.&nbsp;<\/p>\n","protected":false},"excerpt":{"rendered":"<p>*Fonte: CNN Brasil O prefeito de S\u00e3o Paulo,\u00a0Bruno Covas\u00a0(PSDB), morreu \u00e0s 8h20 deste domingo (16), aos 41 anos, v\u00edtima de\u00a0c\u00e2ncer.<\/p>\n","protected":false},"author":1,"featured_media":6994,"comment_status":"open","ping_status":"open","sticky":false,"template":"","format":"standard","meta":{"colormag_page_container_layout":"default_layout","colormag_page_sidebar_layout":"default_layout","footnotes":""},"categories":[107],"tags":[587,571,588,384],"class_list":["post-6993","post","type-post","status-publish","format-standard","has-post-thumbnail","hentry","category-brasil","tag-bruno-covas","tag-cancer","tag-morre","tag-sao-paulo"],"aioseo_notices":[],"_links":{"self":[{"href":"https:\/\/portalr3.online\/index.php\/wp-json\/wp\/v2\/posts\/6993","targetHints":{"allow":["GET"]}}],"collection":[{"href":"https:\/\/portalr3.online\/index.php\/wp-json\/wp\/v2\/posts"}],"about":[{"href":"https:\/\/portalr3.online\/index.php\/wp-json\/wp\/v2\/types\/post"}],"author":[{"embeddable":true,"href":"https:\/\/portalr3.online\/index.php\/wp-json\/wp\/v2\/users\/1"}],"replies":[{"embeddable":true,"href":"https:\/\/portalr3.online\/index.php\/wp-json\/wp\/v2\/comments?post=6993"}],"version-history":[{"count":0,"href":"https:\/\/portalr3.online\/index.php\/wp-json\/wp\/v2\/posts\/6993\/revisions"}],"wp:featuredmedia":[{"embeddable":true,"href":"https:\/\/portalr3.online\/index.php\/wp-json\/wp\/v2\/media\/6994"}],"wp:attachment":[{"href":"https:\/\/portalr3.online\/index.php\/wp-json\/wp\/v2\/media?parent=6993"}],"wp:term":[{"taxonomy":"category","embeddable":true,"href":"https:\/\/portalr3.online\/index.php\/wp-json\/wp\/v2\/categories?post=6993"},{"taxonomy":"post_tag","embeddable":true,"href":"https:\/\/portalr3.online\/index.php\/wp-json\/wp\/v2\/tags?post=6993"}],"curies":[{"name":"wp","href":"https:\/\/api.w.org\/{rel}","templated":true}]}}