{"id":6975,"date":"2021-05-15T14:50:20","date_gmt":"2021-05-15T17:50:20","guid":{"rendered":"https:\/\/portalnarede.com.br\/?p=6975"},"modified":"2021-05-15T14:50:20","modified_gmt":"2021-05-15T17:50:20","slug":"em-quadro-irreversivel-covas-recebe-visitas-de-amigos-padre-e-politicos","status":"publish","type":"post","link":"https:\/\/portalr3.online\/index.php\/2021\/05\/15\/em-quadro-irreversivel-covas-recebe-visitas-de-amigos-padre-e-politicos\/","title":{"rendered":"Em quadro irrevers\u00edvel, Covas recebe visitas de amigos, padre e pol\u00edticos"},"content":{"rendered":"\n<p>*Fonte e foto: CNN Brasil<\/p>\n\n\n\n<p>Ap\u00f3s a divulga\u00e7\u00e3o do quadro irrevers\u00edvel da sa\u00fade do prefeito de S\u00e3o Paulo, Bruno Covas recebeu a visita de amigos, pol\u00edticos e um padre no Hospital S\u00edrio Liban\u00eas. Covas est\u00e1 internado desde o dia 2 de maio para tratar as complica\u00e7\u00f5es de c\u00e2nceres. Na manh\u00e3 deste s\u00e1bado (15), o presidente do diret\u00f3rio municipal do PSDB, Fernando Alfredo, visitou Bruno Covas.<\/p>\n\n\n\n<p>Ele estava emocionado e disse que tinha amizade com o prefeito desde os tempos de milit\u00e2ncia da ala jovem do partido, chamou Covas de &#8220;\u00eddolo&#8221;, disse que ele deixa um legado para pol\u00edtica que ele poderia ter sido &#8220;governador de S\u00e3o Paulo e presidente do Brasil&#8221;. Recentemente, Alfredo tatuou no bra\u00e7o a assinatura de Bruno Covas e o slogan &#8220;for\u00e7a, foco e f\u00e9&#8221;, usado na campanha para Prefeitura de S\u00e3o Paulo em 2019.<\/p>\n\n\n\n<p>Ap\u00f3s participar na manh\u00e3 neste s\u00e1bado (15) do evento do &#8216;Dia D&#8217; da vacina\u00e7\u00e3o contra a gripe, Ricardo Nunes (MDB), vice de Covas, declarou \u00e0&nbsp;<strong>CNN<\/strong>&nbsp;que a prefeitura vai prosseguir com os trabalhos pela cidade de S\u00e3o Paulo.&nbsp;<\/p>\n\n\n\n<p>&nbsp;&#8220;A orienta\u00e7\u00e3o \u00e9 seguir o que o prefeito sempre quis. Os trabalhos n\u00e3o param. A gente estava aqui, eu o Secret\u00e1rio da Sa\u00fade, da Educa\u00e7\u00e3o e o chefe de gabinete, a equipe muito unida continuando o trabalho pela cidade. \u00c9 o que o Bruno sempre quis e \u00e9 o que a gente vai fazer: dedica\u00e7\u00e3o, cuidar da cidade e honrar a confian\u00e7a que S\u00e3o Paulo depositou nele e em mim&#8221;, diz&nbsp;Ricardo Nunes<\/p>\n","protected":false},"excerpt":{"rendered":"<p>*Fonte e foto: CNN Brasil Ap\u00f3s a divulga\u00e7\u00e3o do quadro irrevers\u00edvel da sa\u00fade do prefeito de S\u00e3o Paulo, Bruno Covas<\/p>\n","protected":false},"author":1,"featured_media":6976,"comment_status":"open","ping_status":"open","sticky":false,"template":"","format":"standard","meta":{"colormag_page_container_layout":"default_layout","colormag_page_sidebar_layout":"default_layout","footnotes":""},"categories":[10],"tags":[571,572,243,386,573,384],"class_list":["post-6975","post","type-post","status-publish","format-standard","has-post-thumbnail","hentry","category-noticias","tag-cancer","tag-covas","tag-irreverssivel","tag-prefeito","tag-quadro","tag-sao-paulo"],"aioseo_notices":[],"_links":{"self":[{"href":"https:\/\/portalr3.online\/index.php\/wp-json\/wp\/v2\/posts\/6975","targetHints":{"allow":["GET"]}}],"collection":[{"href":"https:\/\/portalr3.online\/index.php\/wp-json\/wp\/v2\/posts"}],"about":[{"href":"https:\/\/portalr3.online\/index.php\/wp-json\/wp\/v2\/types\/post"}],"author":[{"embeddable":true,"href":"https:\/\/portalr3.online\/index.php\/wp-json\/wp\/v2\/users\/1"}],"replies":[{"embeddable":true,"href":"https:\/\/portalr3.online\/index.php\/wp-json\/wp\/v2\/comments?post=6975"}],"version-history":[{"count":0,"href":"https:\/\/portalr3.online\/index.php\/wp-json\/wp\/v2\/posts\/6975\/revisions"}],"wp:featuredmedia":[{"embeddable":true,"href":"https:\/\/portalr3.online\/index.php\/wp-json\/wp\/v2\/media\/6976"}],"wp:attachment":[{"href":"https:\/\/portalr3.online\/index.php\/wp-json\/wp\/v2\/media?parent=6975"}],"wp:term":[{"taxonomy":"category","embeddable":true,"href":"https:\/\/portalr3.online\/index.php\/wp-json\/wp\/v2\/categories?post=6975"},{"taxonomy":"post_tag","embeddable":true,"href":"https:\/\/portalr3.online\/index.php\/wp-json\/wp\/v2\/tags?post=6975"}],"curies":[{"name":"wp","href":"https:\/\/api.w.org\/{rel}","templated":true}]}}