{"id":6962,"date":"2021-05-15T11:10:44","date_gmt":"2021-05-15T14:10:44","guid":{"rendered":"https:\/\/portalnarede.com.br\/?p=6962"},"modified":"2021-05-15T11:10:44","modified_gmt":"2021-05-15T14:10:44","slug":"maceio-retoma-neste-sabado-15-vacinacao-da-2a-dose-da-coronavac-prefeitura-tambem-anuncia-novo-calendario-com-trabalhadores-da-educacao-e-transporte-coletivo","status":"publish","type":"post","link":"https:\/\/portalr3.online\/index.php\/2021\/05\/15\/maceio-retoma-neste-sabado-15-vacinacao-da-2a-dose-da-coronavac-prefeitura-tambem-anuncia-novo-calendario-com-trabalhadores-da-educacao-e-transporte-coletivo\/","title":{"rendered":"Macei\u00f3 retoma neste s\u00e1bado (15) vacina\u00e7\u00e3o da 2\u00aa dose da Coronavac; prefeitura tamb\u00e9m anuncia novo calend\u00e1rio"},"content":{"rendered":"\n<p>*Com informa\u00e7\u00f5es e foto: assessoria<\/p>\n\n\n\n<p>O prefeito de Macei\u00f3, JHC, divulgou em suas redes sociais o novo calend\u00e1rio da vacina\u00e7\u00e3o contra Covid-19 na capital. Neste s\u00e1bado (15),  as pessoas que estavam aguardando a aplica\u00e7\u00e3o da segunda dose da Coronavac podem procurar os postos de imuniza\u00e7\u00e3o. A vacina\u00e7\u00e3o em primeira dose tamb\u00e9m foi ampliada para trabalhadores de educa\u00e7\u00e3o b\u00e1sica e ensino superior com 35 anos ou mais e pessoas com defici\u00eancia permanente a partir dos 18 anos. Al\u00e9m disso, o prefeito tamb\u00e9m divulgou a imuniza\u00e7\u00e3o dos integrantes das For\u00e7as Armadas e trabalhadores dos transportes coletivos a partir da pr\u00f3xima semana.<\/p>\n\n\n\n<p>No domingo (16), ser\u00e1 a vez de iniciar a imuniza\u00e7\u00e3o dos trabalhadores da educa\u00e7\u00e3o b\u00e1sica e ensino superior que t\u00eam mais 18 anos.<\/p>\n\n\n\n<p>Na segunda (17), inicia um novo grupo priorit\u00e1rio formado por integrantes das For\u00e7as Armadas, trabalhadores do Transporte Coletivo Rodovi\u00e1rios de Passageiros, do Transporte Ferrovi\u00e1rio, do Transporte A\u00e9reo, portu\u00e1rios e caminhoneiros.<\/p>\n\n\n\n<p><strong>Locais de vacina\u00e7\u00e3o<\/strong><br>A vacina\u00e7\u00e3o acontecer\u00e1 nos oito pontos de vacina\u00e7\u00e3o prontos para imunizar a popula\u00e7\u00e3o: drive-thru do estacionamento de Jaragu\u00e1, drive-thru da sede da Justi\u00e7a Federal (Serraria), Shopping Macei\u00f3 (Mangabeiras), Shopping P\u00e1tio e Pra\u00e7a Tiradentes (ambos no Benedito Bentes), terminal do Osman Loueiro, Pap\u00f3dromo (Vergel) e \u00e1rea externa do Gin\u00e1sio Arivaldo Maia (Jacintinho).<\/p>\n\n\n\n<p><strong>Documentos necess\u00e1rios<\/strong><\/p>\n\n\n\n<p>No caso das pessoas com defici\u00eancia, \u00e9 necess\u00e1rio apresentar algum documento (original e c\u00f3pia) que comprove a condi\u00e7\u00e3o, como o laudo m\u00e9dico que indique a defici\u00eancia; cart\u00f5es de gratuidade no transporte p\u00fablico; documento que indique se tratar de pessoa com defici\u00eancia; comprovante de recebimento do Benef\u00edcio de Presta\u00e7\u00e3o Continuada (BPC); documento comprobat\u00f3rio de vincula\u00e7\u00e3o a Centros de Reabilita\u00e7\u00e3o e\/ou Unidades Especializadas no atendimento \u00e0s pessoas com defici\u00eancia. Pessoas com defici\u00eancia f\u00edsica aparente ou vis\u00edvel que causem limita\u00e7\u00f5es, n\u00e3o ser\u00e1 obrigat\u00f3rio a apresenta\u00e7\u00e3o do documento comprobat\u00f3rio.<\/p>\n\n\n\n<p>J\u00e1 os trabalhadores da educa\u00e7\u00e3o precisam apresentar original e c\u00f3pia do contracheque do \u00faltimo m\u00eas ou da declara\u00e7\u00e3o de v\u00ednculo da institui\u00e7\u00e3o de ensino.<\/p>\n\n\n\n<p>Em todos os casos \u00e9 necess\u00e1rio apresentar documento com foto e CPF, original e c\u00f3pia de Comprovante de Resid\u00eancia.<\/p>\n\n\n\n<p><em><strong>Confira o novo calend\u00e1rio<\/strong><\/em><\/p>\n\n\n\n<p><strong>Novo Calend\u00e1rio<\/strong><\/p>\n\n\n\n<p>Amanh\u00e3 (s\u00e1bado) \u2013 15\/5<\/p>\n\n\n\n<ul class=\"wp-block-list\"><li>Trabalhadores da educa\u00e7\u00e3o b\u00e1sica e ensino superior \u2013 35+<\/li><li>Pessoa com defici\u00eancia permanente \u2013 18+<\/li><li>Segunda Dose \u2013 Coronavac<\/li><\/ul>\n\n\n\n<p>Domingo \u2013 16\/5<\/p>\n\n\n\n<ul class=\"wp-block-list\"><li>Trabalhadores da educa\u00e7\u00e3o b\u00e1sica e ensino superior \u2013 18+<\/li><\/ul>\n\n\n\n<p>Segunda \u2013 17\/5<\/p>\n\n\n\n<ul class=\"wp-block-list\"><li>For\u00e7as Armadas<\/li><li>Trabalhadores do Transporte Coletivo Rodovi\u00e1rios de Passageiros<\/li><li>Trabalhadores do Transporte Ferrovi\u00e1rio<\/li><li>Trabalhadores do Transporte Aereo<\/li><li>Trabalhadores Portu\u00e1rios<\/li><li>Caminhoneiros<\/li><\/ul>\n","protected":false},"excerpt":{"rendered":"<p>*Com informa\u00e7\u00f5es e foto: assessoria O prefeito de Macei\u00f3, JHC, divulgou em suas redes sociais o novo calend\u00e1rio da vacina\u00e7\u00e3o<\/p>\n","protected":false},"author":1,"featured_media":3762,"comment_status":"open","ping_status":"open","sticky":false,"template":"","format":"standard","meta":{"colormag_page_container_layout":"default_layout","colormag_page_sidebar_layout":"default_layout","footnotes":""},"categories":[10],"tags":[81,82,319,267,37,50,570,52],"class_list":["post-6962","post","type-post","status-publish","format-standard","has-post-thumbnail","hentry","category-noticias","tag-coronavirus","tag-covid-19","tag-educacao","tag-imunizacao","tag-maceio","tag-segunda-dose","tag-transporte-coletivo","tag-vacinacao"],"aioseo_notices":[],"_links":{"self":[{"href":"https:\/\/portalr3.online\/index.php\/wp-json\/wp\/v2\/posts\/6962","targetHints":{"allow":["GET"]}}],"collection":[{"href":"https:\/\/portalr3.online\/index.php\/wp-json\/wp\/v2\/posts"}],"about":[{"href":"https:\/\/portalr3.online\/index.php\/wp-json\/wp\/v2\/types\/post"}],"author":[{"embeddable":true,"href":"https:\/\/portalr3.online\/index.php\/wp-json\/wp\/v2\/users\/1"}],"replies":[{"embeddable":true,"href":"https:\/\/portalr3.online\/index.php\/wp-json\/wp\/v2\/comments?post=6962"}],"version-history":[{"count":0,"href":"https:\/\/portalr3.online\/index.php\/wp-json\/wp\/v2\/posts\/6962\/revisions"}],"wp:featuredmedia":[{"embeddable":true,"href":"https:\/\/portalr3.online\/index.php\/wp-json\/"}],"wp:attachment":[{"href":"https:\/\/portalr3.online\/index.php\/wp-json\/wp\/v2\/media?parent=6962"}],"wp:term":[{"taxonomy":"category","embeddable":true,"href":"https:\/\/portalr3.online\/index.php\/wp-json\/wp\/v2\/categories?post=6962"},{"taxonomy":"post_tag","embeddable":true,"href":"https:\/\/portalr3.online\/index.php\/wp-json\/wp\/v2\/tags?post=6962"}],"curies":[{"name":"wp","href":"https:\/\/api.w.org\/{rel}","templated":true}]}}