{"id":6953,"date":"2021-05-14T18:18:48","date_gmt":"2021-05-14T21:18:48","guid":{"rendered":"https:\/\/portalnarede.com.br\/?p=6953"},"modified":"2021-05-14T18:18:48","modified_gmt":"2021-05-14T21:18:48","slug":"tite-convoca-a-selecao-para-duelos-contra-paraguai-e-equador-e-lista-tem-novidades","status":"publish","type":"post","link":"https:\/\/portalr3.online\/index.php\/2021\/05\/14\/tite-convoca-a-selecao-para-duelos-contra-paraguai-e-equador-e-lista-tem-novidades\/","title":{"rendered":"Tite convoca a Sele\u00e7\u00e3o para duelos contra Paraguai e Equador e lista tem novidades"},"content":{"rendered":"\n<p>T\u00e9cnico divulga lista de atletas para pr\u00f3ximos compromissos pelas eliminat\u00f3rias para a Copa do Mundo de 2022.<\/p>\n\n\n\n<p><\/p>\n\n\n\n<p>Depois de quase sete meses, a\u00a0Sele\u00e7\u00e3o voltou a ser convocada para jogos das\u00a0Eliminat\u00f3rias da Copa para 2022. Na manh\u00e3 desta sexta-feira, o t\u00e9cnico Tite anunciou os 24 jogadores que defender\u00e3o o Brasil diante do Equador, dia 4 de junho, em Porto Alegre, e contra o Paraguai, no dia 8, em Assun\u00e7\u00e3o.<\/p>\n\n\n\n<p>As grandes novidades da convoca\u00e7\u00e3o s\u00e3o o retorno do atacante\u00a0<strong>Gabigol<\/strong>, do Flamengo, e do lateral\u00a0<strong>Daniel Alves<\/strong>, do S\u00e3o Paulo. O meia\u00a0<strong>Fred<\/strong>, do Manchester United, tamb\u00e9m voltou a ser chamado ap\u00f3s dois anos e meio.<\/p>\n\n\n\n<p><strong>Lucas Ver\u00edssimo<\/strong>, do Benfica, foi chamado pela primeira vez na carreira, sendo o \u00fanico desta lista que jamais havia sido convocado.<\/p>\n\n\n\n<p>A rela\u00e7\u00e3o conta com 24 atletas para contemplar a presen\u00e7a do meia Douglas Luiz, que est\u00e1 suspenso na primeira partida e s\u00f3 poder\u00e1 enfrentar o Paraguai.<\/p>\n\n\n\n<h2 class=\"wp-block-heading\">Veja a lista completa:<\/h2>\n\n\n\n<ul class=\"wp-block-list\"><li><strong>Goleiros:<\/strong>\u00a0Alisson (Liverpool), Ederson (Manchester City) e Weverton (Palmeiras);<\/li><li><strong>Laterais:\u00a0<\/strong>Daniel Alves (S\u00e3o Paulo), Danilo (Juventus), Alex Sandro (Juventus) e Renan Lodi (Atl\u00e9tico de Madrid);<\/li><li><strong>Zagueiros:<\/strong>\u00a0\u00c9der Milit\u00e3o (Real Madrid), Lucas Ver\u00edssimo (Benfica), Marquinhos (PSG) e Thiago Silva (Chelsea);<\/li><li><strong>Meias:\u00a0<\/strong>Casemiro (Real Madrid), Douglas Luiz (Aston Villa), Everton Ribeiro (Flamengo), Fabinho (Liverpool), Fred (Manchester United) e Lucas Paquet\u00e1 (Lyon);<\/li><li><strong>Atacantes:\u00a0<\/strong>Everton Cebolinha (Benfica), Roberto Firmino (Liverpool), Gabriel Barbosa (Flamengo), Gabriel Jesus (Manchester City), Neymar (PSG), Richarlison (Everton) e Vini Jr (Real Madrid).<\/li><\/ul>\n\n\n\n<p>Os jogadores convocados se apresentar\u00e3o no pr\u00f3ximo dia 27, na Granja Comary, em Teres\u00f3polis. Desta forma, aqueles que atuam no Brasil desfalcar\u00e3o suas equipes nas duas primeiras rodadas do Campeonato Brasileiro, no duelo de ida da terceira fase da Copa do Brasil e possivelmente no confronto de volta.<\/p>\n\n\n\n<p>O Brasil \u00e9 l\u00edder das Eliminat\u00f3rias da Copa do Mundo ap\u00f3s quatro rodadas, com 100% de aproveitamento, somando 12 pontos. Nos primeiros quatro jogos, a Sele\u00e7\u00e3o superou Bol\u00edvia (5 a 0), Peru (4 a 2), Venezuela (1 a 0) e Uruguai (2 a 0).<\/p>\n\n\n\n<p>O \u00faltimo jogo da Sele\u00e7\u00e3o foi em 17 de novembro de 2020, quando venceu o Uruguai por 2 a 0, fora de casa. O Brasil voltaria a campo em mar\u00e7o deste ano para enfrentar Col\u00f4mbia e Argentina, mas a 5\u00aa e a 6\u00aa rodadas das Eliminat\u00f3rias foram adiadas por conta do agravamento da pandemia de coronav\u00edrus.<\/p>\n\n\n\n<p>A lista divulgada nesta sexta \u00e9 v\u00e1lida apenas para os dois jogos das Eliminat\u00f3rias, e o Brasil ter\u00e1 at\u00e9 o dia 10 de junho para enviar a rela\u00e7\u00e3o de convocados para a Copa Am\u00e9rica. O an\u00fancio para o p\u00fablico, por\u00e9m, ser\u00e1 feito um dia antes, em 9 de junho. O ex-jogador Clodoaldo ser\u00e1 o chefe de delega\u00e7\u00e3o da Sele\u00e7\u00e3o nestes dois jogos.<\/p>\n\n\n\n<p><\/p>\n\n\n\n<p>FOTO: CBF<\/p>\n","protected":false},"excerpt":{"rendered":"<p>T\u00e9cnico divulga lista de atletas para pr\u00f3ximos compromissos pelas eliminat\u00f3rias para a Copa do Mundo de 2022. Depois de quase<\/p>\n","protected":false},"author":1,"featured_media":6954,"comment_status":"open","ping_status":"open","sticky":false,"template":"","format":"standard","meta":{"colormag_page_container_layout":"default_layout","colormag_page_sidebar_layout":"default_layout","footnotes":""},"categories":[14],"tags":[565,566],"class_list":["post-6953","post","type-post","status-publish","format-standard","has-post-thumbnail","hentry","category-esportes","tag-brasil-copa2022","tag-selecao"],"aioseo_notices":[],"_links":{"self":[{"href":"https:\/\/portalr3.online\/index.php\/wp-json\/wp\/v2\/posts\/6953","targetHints":{"allow":["GET"]}}],"collection":[{"href":"https:\/\/portalr3.online\/index.php\/wp-json\/wp\/v2\/posts"}],"about":[{"href":"https:\/\/portalr3.online\/index.php\/wp-json\/wp\/v2\/types\/post"}],"author":[{"embeddable":true,"href":"https:\/\/portalr3.online\/index.php\/wp-json\/wp\/v2\/users\/1"}],"replies":[{"embeddable":true,"href":"https:\/\/portalr3.online\/index.php\/wp-json\/wp\/v2\/comments?post=6953"}],"version-history":[{"count":0,"href":"https:\/\/portalr3.online\/index.php\/wp-json\/wp\/v2\/posts\/6953\/revisions"}],"wp:featuredmedia":[{"embeddable":true,"href":"https:\/\/portalr3.online\/index.php\/wp-json\/wp\/v2\/media\/6954"}],"wp:attachment":[{"href":"https:\/\/portalr3.online\/index.php\/wp-json\/wp\/v2\/media?parent=6953"}],"wp:term":[{"taxonomy":"category","embeddable":true,"href":"https:\/\/portalr3.online\/index.php\/wp-json\/wp\/v2\/categories?post=6953"},{"taxonomy":"post_tag","embeddable":true,"href":"https:\/\/portalr3.online\/index.php\/wp-json\/wp\/v2\/tags?post=6953"}],"curies":[{"name":"wp","href":"https:\/\/api.w.org\/{rel}","templated":true}]}}