{"id":6892,"date":"2021-05-14T09:36:48","date_gmt":"2021-05-14T12:36:48","guid":{"rendered":"https:\/\/portalnarede.com.br\/?p=6892"},"modified":"2021-05-14T09:36:48","modified_gmt":"2021-05-14T12:36:48","slug":"prefeitura-de-maceio-inclui-novo-grupo-no-calendario-de-imunizacao-contra-a-covid-19-saiba-qual","status":"publish","type":"post","link":"https:\/\/portalr3.online\/index.php\/2021\/05\/14\/prefeitura-de-maceio-inclui-novo-grupo-no-calendario-de-imunizacao-contra-a-covid-19-saiba-qual\/","title":{"rendered":"Covid-19: Macei\u00f3 imuniza trabalhadores da educa\u00e7\u00e3o b\u00e1sica com 50 anos ou mais a partir desta sexta (14)"},"content":{"rendered":"\n<p><em>Imagem: SECOM<\/em><\/p>\n\n\n\n<p><em>*Jo\u00e3o Pedro Magnani &#8211; estagi\u00e1rio sob supervis\u00e3o<\/em><\/p>\n\n\n\n<p>O prefeito de Macei\u00f3, JHC, comunicou, na manh\u00e3 desta sexta-feira (14), a entrada de um novo grupo no programa de imuniza\u00e7\u00e3o contra a Covid-19 na capital. De acordo com o anuncio, publicado pelo prefeito em uma rede social, os trabalhadores da educa\u00e7\u00e3o b\u00e1sica com 50 anos ou mais podem tomar a primeira dose da vacina a partir de hoje.<\/p>\n\n\n\n<p>\u201cCom muita alegria, comunico que a partir de hoje (14\/05) os trabalhadores da educa\u00e7\u00e3o b\u00e1sica com 50+ j\u00e1 podem se vacinar.\u201d, anunciou, o prefeito.<\/p>\n\n\n\n<p>Segundo o portal da Secretaria Municipal de Comunica\u00e7\u00e3o de Macei\u00f3, &nbsp;todos os professores e funcion\u00e1rios das escolas p\u00fablicas e privadas do Ensino B\u00e1sico que atuam em creches, pr\u00e9-escolas, Ensino Fundamental, Ensino M\u00e9dio, profissionalizantes e Educa\u00e7\u00e3o de Jovens e Adultos (EJA). Tamb\u00e9m poder\u00e3o se vacinar os trabalhadores das Institui\u00e7\u00f5es de Ensino Superior de Macei\u00f3.<\/p>\n\n\n\n<p>Para a imuniza\u00e7\u00e3o, o indiv\u00edduo inclu\u00eddo no programa deve comparecer a um dos oito pontos de vacina\u00e7\u00e3o, portando: &nbsp;original e c\u00f3pia do contracheque do \u00faltimo m\u00eas ou da declara\u00e7\u00e3o de v\u00ednculo da institui\u00e7\u00e3o de ensino, al\u00e9m do documento com foto e CPF e comprovante de resid\u00eancia (original e c\u00f3pia).<\/p>\n\n\n\n<p>At\u00e9 o momento, de acordo com o \u201cVacin\u00f4metro\u201d, presente no site Vacina Macei\u00f3, 285.355 mil pessoas foram vacinadas na capital alagoana.<\/p>\n","protected":false},"excerpt":{"rendered":"<p>Imagem: SECOM *Jo\u00e3o Pedro Magnani &#8211; estagi\u00e1rio sob supervis\u00e3o O prefeito de Macei\u00f3, JHC, comunicou, na manh\u00e3 desta sexta-feira (14),<\/p>\n","protected":false},"author":1,"featured_media":6893,"comment_status":"open","ping_status":"open","sticky":false,"template":"","format":"standard","meta":{"colormag_page_container_layout":"default_layout","colormag_page_sidebar_layout":"default_layout","footnotes":""},"categories":[10],"tags":[82,267,140,37,397],"class_list":["post-6892","post","type-post","status-publish","format-standard","has-post-thumbnail","hentry","category-noticias","tag-covid-19","tag-imunizacao","tag-jhc","tag-maceio","tag-vacinacao-maceio"],"aioseo_notices":[],"_links":{"self":[{"href":"https:\/\/portalr3.online\/index.php\/wp-json\/wp\/v2\/posts\/6892","targetHints":{"allow":["GET"]}}],"collection":[{"href":"https:\/\/portalr3.online\/index.php\/wp-json\/wp\/v2\/posts"}],"about":[{"href":"https:\/\/portalr3.online\/index.php\/wp-json\/wp\/v2\/types\/post"}],"author":[{"embeddable":true,"href":"https:\/\/portalr3.online\/index.php\/wp-json\/wp\/v2\/users\/1"}],"replies":[{"embeddable":true,"href":"https:\/\/portalr3.online\/index.php\/wp-json\/wp\/v2\/comments?post=6892"}],"version-history":[{"count":0,"href":"https:\/\/portalr3.online\/index.php\/wp-json\/wp\/v2\/posts\/6892\/revisions"}],"wp:featuredmedia":[{"embeddable":true,"href":"https:\/\/portalr3.online\/index.php\/wp-json\/wp\/v2\/media\/6893"}],"wp:attachment":[{"href":"https:\/\/portalr3.online\/index.php\/wp-json\/wp\/v2\/media?parent=6892"}],"wp:term":[{"taxonomy":"category","embeddable":true,"href":"https:\/\/portalr3.online\/index.php\/wp-json\/wp\/v2\/categories?post=6892"},{"taxonomy":"post_tag","embeddable":true,"href":"https:\/\/portalr3.online\/index.php\/wp-json\/wp\/v2\/tags?post=6892"}],"curies":[{"name":"wp","href":"https:\/\/api.w.org\/{rel}","templated":true}]}}