{"id":6876,"date":"2021-05-13T16:14:17","date_gmt":"2021-05-13T19:14:17","guid":{"rendered":"https:\/\/portalnarede.com.br\/?p=6876"},"modified":"2021-05-13T16:14:17","modified_gmt":"2021-05-13T19:14:17","slug":"governo-de-alagoas-diz-que-vai-recorrer-da-decisao-do-tj-que-determina-retorno-das-aulas-presenciais-na-rede-publica-estadual","status":"publish","type":"post","link":"https:\/\/portalr3.online\/index.php\/2021\/05\/13\/governo-de-alagoas-diz-que-vai-recorrer-da-decisao-do-tj-que-determina-retorno-das-aulas-presenciais-na-rede-publica-estadual\/","title":{"rendered":"Governo de Alagoas diz que vai recorrer da decis\u00e3o do TJ que determina retorno das aulas presenciais na rede p\u00fablica estadual"},"content":{"rendered":"\n<p>*Gabriel Teixeira &#8211; estagi\u00e1rio sob supervis\u00e3o<br>*Imagem: assessoria<\/p>\n\n\n\n<p>A Secretaria de Estado da Educa\u00e7\u00e3o (Seduc) informou, na tarde desta quinta-feira (13), que ir\u00e1 contestar e recorrer decis\u00e3o da Justi\u00e7a em retomar as aulas presenciais na rede p\u00fablica estadual. Confira a nota: <\/p>\n\n\n\n<p><strong>NOTA OFICIAL| SEDUC-AL<\/strong><\/p>\n\n\n\n<p>A Secretaria de Estado da Educa\u00e7\u00e3o (Seduc) informa que o Governo de Alagoas est\u00e1 conduzindo um planejamento de retorno \u00e0s aulas seguro em todo o estado a partir da ampla vacina\u00e7\u00e3o contra a Covid-19 dos profissionais do segmento. O objetivo \u00e9 garantir seguran\u00e7a sanit\u00e1ria necess\u00e1ria para o pleno funcionamento das atividades presenciais. Nesta quinta-feira (13), foi dado um grande passo com o an\u00fancio da garantia da distribui\u00e7\u00e3o de doses para todos os profissionais de educa\u00e7\u00e3o b\u00e1sica das redes p\u00fablicas e privadas, j\u00e1 com redu\u00e7\u00e3o de idade para 18 anos nos munic\u00edpios de Macei\u00f3 e Arapiraca. Diante disso, o governo ir\u00e1 recorrer a decis\u00e3o do Tribunal de Justi\u00e7a de Alagoas (TJAL).<\/p>\n\n\n\n<p>A decis\u00e3o foi tomada ap\u00f3s a Justi\u00e7a de Alagoas definir o retorno das aulas, sob risco de multa di\u00e1ria de R$50.000,00. <a href=\"https:\/\/portalnarede.com.br\/2021\/05\/13\/justica-determina-retorno-das-aulas-presenciais-na-rede-publica-estadual\/\">Clique aqui<\/a> para ver a mat\u00e9ria completa.<\/p>\n","protected":false},"excerpt":{"rendered":"<p>*Gabriel Teixeira &#8211; estagi\u00e1rio sob supervis\u00e3o*Imagem: assessoria A Secretaria de Estado da Educa\u00e7\u00e3o (Seduc) informou, na tarde desta quinta-feira (13),<\/p>\n","protected":false},"author":1,"featured_media":6877,"comment_status":"open","ping_status":"open","sticky":false,"template":"","format":"standard","meta":{"colormag_page_container_layout":"default_layout","colormag_page_sidebar_layout":"default_layout","footnotes":""},"categories":[10],"tags":[319,528,529],"class_list":["post-6876","post","type-post","status-publish","format-standard","has-post-thumbnail","hentry","category-noticias","tag-educacao","tag-rede-publica","tag-seduc"],"aioseo_notices":[],"_links":{"self":[{"href":"https:\/\/portalr3.online\/index.php\/wp-json\/wp\/v2\/posts\/6876","targetHints":{"allow":["GET"]}}],"collection":[{"href":"https:\/\/portalr3.online\/index.php\/wp-json\/wp\/v2\/posts"}],"about":[{"href":"https:\/\/portalr3.online\/index.php\/wp-json\/wp\/v2\/types\/post"}],"author":[{"embeddable":true,"href":"https:\/\/portalr3.online\/index.php\/wp-json\/wp\/v2\/users\/1"}],"replies":[{"embeddable":true,"href":"https:\/\/portalr3.online\/index.php\/wp-json\/wp\/v2\/comments?post=6876"}],"version-history":[{"count":0,"href":"https:\/\/portalr3.online\/index.php\/wp-json\/wp\/v2\/posts\/6876\/revisions"}],"wp:featuredmedia":[{"embeddable":true,"href":"https:\/\/portalr3.online\/index.php\/wp-json\/wp\/v2\/media\/6877"}],"wp:attachment":[{"href":"https:\/\/portalr3.online\/index.php\/wp-json\/wp\/v2\/media?parent=6876"}],"wp:term":[{"taxonomy":"category","embeddable":true,"href":"https:\/\/portalr3.online\/index.php\/wp-json\/wp\/v2\/categories?post=6876"},{"taxonomy":"post_tag","embeddable":true,"href":"https:\/\/portalr3.online\/index.php\/wp-json\/wp\/v2\/tags?post=6876"}],"curies":[{"name":"wp","href":"https:\/\/api.w.org\/{rel}","templated":true}]}}