{"id":6867,"date":"2021-05-13T14:04:02","date_gmt":"2021-05-13T17:04:02","guid":{"rendered":"https:\/\/portalnarede.com.br\/?p=6867"},"modified":"2021-05-13T14:04:02","modified_gmt":"2021-05-13T17:04:02","slug":"apos-flexibilizacao-do-governo-secult-anuncia-reabertura-de-museus-biblioteca-e-teatros-a-partir-de-segunda-17","status":"publish","type":"post","link":"https:\/\/portalr3.online\/index.php\/2021\/05\/13\/apos-flexibilizacao-do-governo-secult-anuncia-reabertura-de-museus-biblioteca-e-teatros-a-partir-de-segunda-17\/","title":{"rendered":"Ap\u00f3s flexibiliza\u00e7\u00e3o do Governo, Secult anuncia reabertura de museus, biblioteca e teatros a partir de segunda (17)"},"content":{"rendered":"\n<p>Espa\u00e7os ficaram fechados por um ano e 2 meses para evitar o cont\u00e1gio do Coronav\u00edrus<\/p>\n\n\n\n<p>Informa\u00e7\u00f5es e Foto: Ag\u00eancia Alagoas<\/p>\n\n\n\n<p>O Governo de Alagoas, atrav\u00e9s da Secretaria de Estado da Cultura (Secult), anunciou, nesta quinta-feira (13), a reabertura de seus equipamentos culturais, ap\u00f3s fechamento desde mar\u00e7o do ano passado, devido \u00e0 pandemia do novo coronav\u00edrus.<\/p>\n\n\n\n<p>Os espa\u00e7os culturais Museu Pal\u00e1cio Floriano Peixoto, Museu da Imagem e do Som de Alagoas, Memorial \u00e0 Rep\u00fablica, Biblioteca P\u00fablica Estadual Graciliano Ramos e o Complexo Cultural Teatro Deodoro ser\u00e3o reabertos ao p\u00fablico ap\u00f3s o an\u00fancio feito pelo governador de Alagoas, Renan Filho, de que o Estado passou para uma nova fase de flexibiliza\u00e7\u00e3o.<\/p>\n\n\n\n<p>Cada institui\u00e7\u00e3o passa a operar com hor\u00e1rios reduzidos de visita\u00e7\u00e3o, seguindo o protocolo sanit\u00e1rio estabelecido no Decreto Estadual. A densidade ocupacional dos espa\u00e7os foi reduzida em at\u00e9 30% de sua capacidade m\u00e1xima e ser\u00e3o obrigat\u00f3rias as aferi\u00e7\u00f5es de temperatura, o cumprimento do distanciamento social e uso de m\u00e1scaras. Tamb\u00e9m est\u00e3o sendo disponibilizados na entrada de cada equipamento \u00e1lcool em gel para os visitantes.<\/p>\n\n\n\n<p>A partir desta segunda-feira (17), os museus Pal\u00e1cio Floriano Peixoto, da Imagem e do Som de Alagoas e Memorial \u00e0 Rep\u00fablica passam a funcionar de ter\u00e7a as sextas, das 9h \u00e0s 15h. A Biblioteca P\u00fablica Estadual reabre de segunda a sexta-feira, das 9hs \u00e0s 15hs, com os servi\u00e7os de pesquisa no acervo de obras raras e jornais, empr\u00e9stimo domiciliar de livros, entrega e devolu\u00e7\u00e3o de livros, elabora\u00e7\u00e3o de ficha catalogr\u00e1fica e visita\u00e7\u00e3o no acervo geral.<\/p>\n\n\n\n<p>J\u00e1 o Complexo Cultural Teatro Deodoro ir\u00e1 funcionar de segunda a sexta, das 10h \u00e0s 16h, e aos s\u00e1bados, das 10h \u00e0s 13h. Os teatros Deodoro e de Arena ir\u00e3o funcionar de acordo com os hor\u00e1rios dos espet\u00e1culos e eventos, sendo encerrados \u00e0s 21h, em cumprimento ao Decreto Estadual, que determina toque de recolher \u00e0s 22h em Alagoas.<\/p>\n\n\n\n<p>\u201cEsse \u00e9 um momento muito esperado pelo p\u00fablico e nossa equipe. A Secult estabeleceu alguns procedimentos para dar continuidade \u00e0s atividades presenciais dos nossos equipamentos culturais. Antes do retorno, os espa\u00e7os est\u00e3o sendo preparados mediante r\u00edgido protocolo de seguran\u00e7a sanit\u00e1ria, conforme exigido pelas autoridades de Sa\u00fade\u201d, disse a secret\u00e1ria de Estado da Cultura, Mellina Freitas.<\/p>\n\n\n\n<p>\u201cNosso objetivo \u00e9 promover o retorno seguro das atividades presenciais, garantindo que nossos colaboradores e o p\u00fablico tenham conforto e possam vivenciar novas experi\u00eancias culturais com seguran\u00e7a\u201d, destacou a titular da pasta.<\/p>\n","protected":false},"excerpt":{"rendered":"<p>Espa\u00e7os ficaram fechados por um ano e 2 meses para evitar o cont\u00e1gio do Coronav\u00edrus Informa\u00e7\u00f5es e Foto: Ag\u00eancia Alagoas<\/p>\n","protected":false},"author":1,"featured_media":6868,"comment_status":"open","ping_status":"open","sticky":false,"template":"","format":"standard","meta":{"colormag_page_container_layout":"default_layout","colormag_page_sidebar_layout":"default_layout","footnotes":""},"categories":[10],"tags":[526],"class_list":["post-6867","post","type-post","status-publish","format-standard","has-post-thumbnail","hentry","category-noticias","tag-reabertura-de-museus"],"aioseo_notices":[],"_links":{"self":[{"href":"https:\/\/portalr3.online\/index.php\/wp-json\/wp\/v2\/posts\/6867","targetHints":{"allow":["GET"]}}],"collection":[{"href":"https:\/\/portalr3.online\/index.php\/wp-json\/wp\/v2\/posts"}],"about":[{"href":"https:\/\/portalr3.online\/index.php\/wp-json\/wp\/v2\/types\/post"}],"author":[{"embeddable":true,"href":"https:\/\/portalr3.online\/index.php\/wp-json\/wp\/v2\/users\/1"}],"replies":[{"embeddable":true,"href":"https:\/\/portalr3.online\/index.php\/wp-json\/wp\/v2\/comments?post=6867"}],"version-history":[{"count":0,"href":"https:\/\/portalr3.online\/index.php\/wp-json\/wp\/v2\/posts\/6867\/revisions"}],"wp:featuredmedia":[{"embeddable":true,"href":"https:\/\/portalr3.online\/index.php\/wp-json\/wp\/v2\/media\/6868"}],"wp:attachment":[{"href":"https:\/\/portalr3.online\/index.php\/wp-json\/wp\/v2\/media?parent=6867"}],"wp:term":[{"taxonomy":"category","embeddable":true,"href":"https:\/\/portalr3.online\/index.php\/wp-json\/wp\/v2\/categories?post=6867"},{"taxonomy":"post_tag","embeddable":true,"href":"https:\/\/portalr3.online\/index.php\/wp-json\/wp\/v2\/tags?post=6867"}],"curies":[{"name":"wp","href":"https:\/\/api.w.org\/{rel}","templated":true}]}}