{"id":6859,"date":"2021-05-13T11:20:43","date_gmt":"2021-05-13T14:20:43","guid":{"rendered":"https:\/\/portalnarede.com.br\/?p=6859"},"modified":"2021-05-13T11:20:43","modified_gmt":"2021-05-13T14:20:43","slug":"anadia-motociclista-morre-ao-se-envolver-em-grave-acidente-com-uma-van-na-al-220","status":"publish","type":"post","link":"https:\/\/portalr3.online\/index.php\/2021\/05\/13\/anadia-motociclista-morre-ao-se-envolver-em-grave-acidente-com-uma-van-na-al-220\/","title":{"rendered":"Anadia: Motociclista morre ao se envolver em grave acidente com uma van na AL-220"},"content":{"rendered":"\n<p><em>Imagem: Cortesia J\u00e1 \u00e9 not\u00edcia <\/em><\/p>\n\n\n\n<p><em>*Jo\u00e3o Pedro Magnani &#8211; estagi\u00e1rio sob supervis\u00e3o<\/em><\/p>\n\n\n\n<p>Um jovem motociclista veio a \u00f3bito ap\u00f3s de envolver em um grave acidente com uma van na noite dessa quarta-feira (12). A v\u00edtima n\u00e3o resistiu aos ferimentos e morreu no local. A colis\u00e3o ocorreu em um trecho da rodovia AL-220, em Anadai, interior de Alagoas.<\/p>\n\n\n\n<p>De acordo com informa\u00e7\u00f5es apuradas pelo portal J\u00e1 \u00e9 Not\u00edcia, o condutor da moto, identificado como Daniel Ribeiro Silva, de 22 anos, tinha acabado de sair do trabalho.<\/p>\n\n\n\n<p>A v\u00edtima, no momento em que foi atingido pela van, realizava uma retorno em um local proibido.<\/p>\n\n\n\n<p>O condutor da van de transporte alternativo permaneceu no local para prestar socorro e para prestar esclarecimento.<\/p>\n","protected":false},"excerpt":{"rendered":"<p>Imagem: Cortesia J\u00e1 \u00e9 not\u00edcia *Jo\u00e3o Pedro Magnani &#8211; estagi\u00e1rio sob supervis\u00e3o Um jovem motociclista veio a \u00f3bito ap\u00f3s de<\/p>\n","protected":false},"author":1,"featured_media":6860,"comment_status":"open","ping_status":"open","sticky":false,"template":"","format":"standard","meta":{"colormag_page_container_layout":"default_layout","colormag_page_sidebar_layout":"default_layout","footnotes":""},"categories":[22],"tags":[53,58],"class_list":["post-6859","post","type-post","status-publish","format-standard","has-post-thumbnail","hentry","category-cidades","tag-acidente","tag-motociclista"],"aioseo_notices":[],"_links":{"self":[{"href":"https:\/\/portalr3.online\/index.php\/wp-json\/wp\/v2\/posts\/6859","targetHints":{"allow":["GET"]}}],"collection":[{"href":"https:\/\/portalr3.online\/index.php\/wp-json\/wp\/v2\/posts"}],"about":[{"href":"https:\/\/portalr3.online\/index.php\/wp-json\/wp\/v2\/types\/post"}],"author":[{"embeddable":true,"href":"https:\/\/portalr3.online\/index.php\/wp-json\/wp\/v2\/users\/1"}],"replies":[{"embeddable":true,"href":"https:\/\/portalr3.online\/index.php\/wp-json\/wp\/v2\/comments?post=6859"}],"version-history":[{"count":0,"href":"https:\/\/portalr3.online\/index.php\/wp-json\/wp\/v2\/posts\/6859\/revisions"}],"wp:featuredmedia":[{"embeddable":true,"href":"https:\/\/portalr3.online\/index.php\/wp-json\/wp\/v2\/media\/6860"}],"wp:attachment":[{"href":"https:\/\/portalr3.online\/index.php\/wp-json\/wp\/v2\/media?parent=6859"}],"wp:term":[{"taxonomy":"category","embeddable":true,"href":"https:\/\/portalr3.online\/index.php\/wp-json\/wp\/v2\/categories?post=6859"},{"taxonomy":"post_tag","embeddable":true,"href":"https:\/\/portalr3.online\/index.php\/wp-json\/wp\/v2\/tags?post=6859"}],"curies":[{"name":"wp","href":"https:\/\/api.w.org\/{rel}","templated":true}]}}