{"id":6846,"date":"2021-05-13T10:11:32","date_gmt":"2021-05-13T13:11:32","guid":{"rendered":"https:\/\/portalnarede.com.br\/?p=6846"},"modified":"2021-05-13T10:11:32","modified_gmt":"2021-05-13T13:11:32","slug":"presidente-jair-bolsonaro-desembarca-em-maceio-para-cumprir-agenda-de-inauguracoes-e-e-recebido-com-manifestacoes-a-favor-e-contra-seu-governo","status":"publish","type":"post","link":"https:\/\/portalr3.online\/index.php\/2021\/05\/13\/presidente-jair-bolsonaro-desembarca-em-maceio-para-cumprir-agenda-de-inauguracoes-e-e-recebido-com-manifestacoes-a-favor-e-contra-seu-governo\/","title":{"rendered":"Presidente Jair Bolsonaro desembarca em Macei\u00f3 para cumprir agenda de inaugura\u00e7\u00f5es e \u00e9 recebido com manifesta\u00e7\u00f5es a favor e contra seu governo"},"content":{"rendered":"\n<p><em>Imagem: Reprodu\u00e7\u00e3o<\/em> rede social<\/p>\n\n\n\n<p><em>*Jo\u00e3o Pedro Magnani &#8211; estagi\u00e1rio sob supervis\u00e3o<\/em><\/p>\n\n\n\n<p>O presidente Jair Messias Bolsonaro desembarca em Macei\u00f3, na manh\u00e3 desta quinta-feira (13), para a entrega de moradias e inaugura\u00e7\u00e3o de obras na capital e S\u00e3o Jos\u00e9 da Laje. Antes mesmo de sua chegada, manifesta\u00e7\u00f5es a favor e contra o presidente ocorrem no Aeroporto Zumbi dos Palmares.<\/p>\n\n\n\n<p>A visita do presidente, que deve ser acompanhada pelo senador Fernando Collor e Arthur Lira, presidente da C\u00e2mara, tem como objetivo a entrega de 500 moradias no bairro do Benedito Bentes, inaugura\u00e7\u00e3o do viaduto da PRF e de um trecho IV do Canal do Sert\u00e3o Alagoano.<\/p>\n\n\n\n<p>J\u00e1 no sagu\u00e3o do aeroporto, apoiadores de Jair se concentraram para aguard\u00e1-lo. Gritando frases como \u201cViemos de gra\u00e7a\u201d e carregando bandeiras do Brasil.<\/p>\n\n\n\n<figure class=\"wp-block-image size-large is-resized\"><img loading=\"lazy\" decoding=\"async\" src=\"https:\/\/portalnarede.com.br\/wp-content\/uploads\/2021\/05\/manifestacao-f-1024x973.jpg\" alt=\"\" class=\"wp-image-6851\" width=\"418\" height=\"397\" srcset=\"https:\/\/portalr3.online\/wp-content\/uploads\/2021\/05\/manifestacao-f-1024x973.jpg 1024w, https:\/\/portalr3.online\/wp-content\/uploads\/2021\/05\/manifestacao-f-300x285.jpg 300w, https:\/\/portalr3.online\/wp-content\/uploads\/2021\/05\/manifestacao-f-768x730.jpg 768w, https:\/\/portalr3.online\/wp-content\/uploads\/2021\/05\/manifestacao-f.jpg 1080w\" sizes=\"auto, (max-width: 418px) 100vw, 418px\" \/><\/figure>\n\n\n\n<p>Por outro lado, manifestantes contr\u00e1rios ao presidente fechavam as vias de acesso \u00e0 capital alagoana com pneus e faixas, tendo que ser retirados pela pol\u00edcia. Apesar de liberada, o tr\u00e2nsito na via segue lento.<\/p>\n\n\n\n<figure class=\"wp-block-image size-large is-resized\"><img loading=\"lazy\" decoding=\"async\" src=\"https:\/\/portalnarede.com.br\/wp-content\/uploads\/2021\/05\/manifestacoes-c-1024x907.jpg\" alt=\"\" class=\"wp-image-6852\" width=\"439\" height=\"388\" srcset=\"https:\/\/portalr3.online\/wp-content\/uploads\/2021\/05\/manifestacoes-c-1024x907.jpg 1024w, https:\/\/portalr3.online\/wp-content\/uploads\/2021\/05\/manifestacoes-c-300x266.jpg 300w, https:\/\/portalr3.online\/wp-content\/uploads\/2021\/05\/manifestacoes-c-768x681.jpg 768w, https:\/\/portalr3.online\/wp-content\/uploads\/2021\/05\/manifestacoes-c.jpg 1080w\" sizes=\"auto, (max-width: 439px) 100vw, 439px\" \/><\/figure>\n\n\n\n<p>Esta \u00e9 a primeira vez que o presidente Jair Bolsonaro, ap\u00f3s eleito em 2018, visita a cidade de Macei\u00f3.<\/p>\n","protected":false},"excerpt":{"rendered":"<p>Imagem: Reprodu\u00e7\u00e3o rede social *Jo\u00e3o Pedro Magnani &#8211; estagi\u00e1rio sob supervis\u00e3o O presidente Jair Messias Bolsonaro desembarca em Macei\u00f3, na<\/p>\n","protected":false},"author":1,"featured_media":6849,"comment_status":"open","ping_status":"open","sticky":false,"template":"","format":"standard","meta":{"colormag_page_container_layout":"default_layout","colormag_page_sidebar_layout":"default_layout","footnotes":""},"categories":[519],"tags":[518,37,345],"class_list":["post-6846","post","type-post","status-publish","format-standard","has-post-thumbnail","hentry","category-ultimas","tag-jair-bolsonaro","tag-maceio","tag-manifestacao"],"aioseo_notices":[],"_links":{"self":[{"href":"https:\/\/portalr3.online\/index.php\/wp-json\/wp\/v2\/posts\/6846","targetHints":{"allow":["GET"]}}],"collection":[{"href":"https:\/\/portalr3.online\/index.php\/wp-json\/wp\/v2\/posts"}],"about":[{"href":"https:\/\/portalr3.online\/index.php\/wp-json\/wp\/v2\/types\/post"}],"author":[{"embeddable":true,"href":"https:\/\/portalr3.online\/index.php\/wp-json\/wp\/v2\/users\/1"}],"replies":[{"embeddable":true,"href":"https:\/\/portalr3.online\/index.php\/wp-json\/wp\/v2\/comments?post=6846"}],"version-history":[{"count":0,"href":"https:\/\/portalr3.online\/index.php\/wp-json\/wp\/v2\/posts\/6846\/revisions"}],"wp:featuredmedia":[{"embeddable":true,"href":"https:\/\/portalr3.online\/index.php\/wp-json\/wp\/v2\/media\/6849"}],"wp:attachment":[{"href":"https:\/\/portalr3.online\/index.php\/wp-json\/wp\/v2\/media?parent=6846"}],"wp:term":[{"taxonomy":"category","embeddable":true,"href":"https:\/\/portalr3.online\/index.php\/wp-json\/wp\/v2\/categories?post=6846"},{"taxonomy":"post_tag","embeddable":true,"href":"https:\/\/portalr3.online\/index.php\/wp-json\/wp\/v2\/tags?post=6846"}],"curies":[{"name":"wp","href":"https:\/\/api.w.org\/{rel}","templated":true}]}}