{"id":6834,"date":"2021-05-12T15:20:26","date_gmt":"2021-05-12T18:20:26","guid":{"rendered":"https:\/\/portalnarede.com.br\/?p=6834"},"modified":"2021-05-12T15:20:26","modified_gmt":"2021-05-12T18:20:26","slug":"profissionais-da-enfermagem-vao-as-ruas-para-cobrar-regulamentacao-de-piso-e-jornada-de-trabalho","status":"publish","type":"post","link":"https:\/\/portalr3.online\/index.php\/2021\/05\/12\/profissionais-da-enfermagem-vao-as-ruas-para-cobrar-regulamentacao-de-piso-e-jornada-de-trabalho\/","title":{"rendered":"Profissionais da enfermagem v\u00e3o as ruas para cobrar regulamenta\u00e7\u00e3o de piso e jornada de trabalho"},"content":{"rendered":"\n<p>A\u00e7\u00e3o local faz parte de um movimento nacional que pedem a prova\u00e7\u00e3o de dois projetos de lei que tramitam na c\u00e2mara e no senado<\/p>\n\n\n\n<p>Foto: reprodu\u00e7\u00e3o v\u00eddeo<\/p>\n\n\n\n<p>Profissionais da enfermagem se reuniram em ato p\u00fablico para cobrar regulamenta\u00e7\u00e3o do piso e da jornada de trabalho da categoria, nesta quarta-feira (12), dia da enfermagem. O ato local est\u00e1 ligado a uma a\u00e7\u00e3o nacional que visa a aprova\u00e7\u00e3o de dois projetos de lei, PLs 2295\/2000 e 2564\/2020 que tramitam na C\u00e2mara e no Senado, respectivamente, que regulamentam o piso salarial e a jornada de trabalho da categoria.<\/p>\n\n\n\n<p>Na capital Alagoana, o ato iniciou na Avenida da Paz e seguiu pela orla, passando em frente a Secretaria de Estado da Sa\u00fade (Sesau), numa organiza\u00e7\u00e3o conjunta do Sindicato dos Auxiliares e Tecnicos de Enfermagem no Estado de Alagoas (Sateal), Conselho Federal de Enfermagem (Cofen), e dos profissionais e t\u00e9cnicos da categoria no estado.<\/p>\n\n\n\n<figure class=\"wp-block-video\"><video height=\"480\" style=\"aspect-ratio: 848 \/ 480;\" width=\"848\" controls src=\"https:\/\/portalnarede.com.br\/wp-content\/uploads\/2021\/05\/acao.mp4\"><\/video><\/figure>\n\n\n\n<p>As a\u00e7\u00f5es do protesto nacional seguem acontecendo durante a semana, nesta quinta-feira (13) acontece o &#8220;Grito Nacional da Enfermagem&#8221;, em Bras\u00edlia. O grupo Gigantes da Enfermagem, a Uni\u00e3o Nacional da Enfermagem e a Escola da Felicidade prometem reunir cerca de 200 mil enfermeiros, t\u00e9cnicos, auxiliares e parteiras de todo Brasil.<\/p>\n\n\n\n<p>A chegada da manifesta\u00e7\u00e3o ser\u00e1 no Congresso Nacional, com uma parada prevista para receber os parlamentares apoiadores da causa. Os profissionais querem mobilizar os deputados federais para a vota\u00e7\u00e3o dos projetos de leis trancados.<\/p>\n","protected":false},"excerpt":{"rendered":"<p>A\u00e7\u00e3o local faz parte de um movimento nacional que pedem a prova\u00e7\u00e3o de dois projetos de lei que tramitam na<\/p>\n","protected":false},"author":1,"featured_media":6836,"comment_status":"open","ping_status":"open","sticky":false,"template":"","format":"standard","meta":{"colormag_page_container_layout":"default_layout","colormag_page_sidebar_layout":"default_layout","footnotes":""},"categories":[10],"tags":[509,510],"class_list":["post-6834","post","type-post","status-publish","format-standard","has-post-thumbnail","hentry","category-noticias","tag-dia-da-enfermagem","tag-manifestacao-enfermeiros"],"aioseo_notices":[],"_links":{"self":[{"href":"https:\/\/portalr3.online\/index.php\/wp-json\/wp\/v2\/posts\/6834","targetHints":{"allow":["GET"]}}],"collection":[{"href":"https:\/\/portalr3.online\/index.php\/wp-json\/wp\/v2\/posts"}],"about":[{"href":"https:\/\/portalr3.online\/index.php\/wp-json\/wp\/v2\/types\/post"}],"author":[{"embeddable":true,"href":"https:\/\/portalr3.online\/index.php\/wp-json\/wp\/v2\/users\/1"}],"replies":[{"embeddable":true,"href":"https:\/\/portalr3.online\/index.php\/wp-json\/wp\/v2\/comments?post=6834"}],"version-history":[{"count":0,"href":"https:\/\/portalr3.online\/index.php\/wp-json\/wp\/v2\/posts\/6834\/revisions"}],"wp:featuredmedia":[{"embeddable":true,"href":"https:\/\/portalr3.online\/index.php\/wp-json\/wp\/v2\/media\/6836"}],"wp:attachment":[{"href":"https:\/\/portalr3.online\/index.php\/wp-json\/wp\/v2\/media?parent=6834"}],"wp:term":[{"taxonomy":"category","embeddable":true,"href":"https:\/\/portalr3.online\/index.php\/wp-json\/wp\/v2\/categories?post=6834"},{"taxonomy":"post_tag","embeddable":true,"href":"https:\/\/portalr3.online\/index.php\/wp-json\/wp\/v2\/tags?post=6834"}],"curies":[{"name":"wp","href":"https:\/\/api.w.org\/{rel}","templated":true}]}}