{"id":6831,"date":"2021-05-12T14:37:49","date_gmt":"2021-05-12T17:37:49","guid":{"rendered":"https:\/\/portalnarede.com.br\/?p=6831"},"modified":"2021-05-12T14:37:49","modified_gmt":"2021-05-12T17:37:49","slug":"policia-civil-conclui-inquerito-e-pede-internacao-de-menor-que-cometeu-homicidio-em-sao-miguel-dos-campos","status":"publish","type":"post","link":"https:\/\/portalr3.online\/index.php\/2021\/05\/12\/policia-civil-conclui-inquerito-e-pede-internacao-de-menor-que-cometeu-homicidio-em-sao-miguel-dos-campos\/","title":{"rendered":"Pol\u00edcia Civil conclui inqu\u00e9rito e pede interna\u00e7\u00e3o de menor que cometeu homic\u00eddio em S\u00e3o Miguel dos Campos"},"content":{"rendered":"\n<p>Informa\u00e7\u00f5es e foto: ASCOM-PC<\/p>\n\n\n\n<p>A Pol\u00edcia Civil, por meio da 6\u00aa Delegacia Regional de Pol\u00edcia (6\u00aaDRP) de S\u00e3o Miguel dos Campos, concluiu a investiga\u00e7\u00e3o do homic\u00eddio de Elias Tavares do Nascimento, conhecido como \u201cnego Elias\u201d, ocorrido no dia 18 de abril de 2021, no centro de S\u00e3o Miguel dos Campos. O trabalho contou tamb\u00e9m com apoio da 1\u00aa Companhia da Pol\u00edcia Militar.<\/p>\n\n\n\n<p><strong>O Crime<\/strong><\/p>\n\n\n\n<p>A v\u00edtima era dependente qu\u00edmico e autor de pequenos furtos na cidade. Estava dormindo num ponto de \u00f4nibus no Centro, quando um menor de 16 anos aproximou-se e efetuou diversos disparos de arma de fogo. Elias ainda foi socorrido e levado para Unidade de Pronto Atendimento (UPA), mas n\u00e3o resistiu aos ferimentos e veio a \u00f3bito.<\/p>\n\n\n\n<p>Logo ap\u00f3s ter not\u00edcia do fato, policiais civis da 6\u00aaDRP procederam dilig\u00eancias e recolheram imagens de c\u00e2meras de seguran\u00e7a no entorno do local, que capturaram o exato momento em que o autor efetuou os disparos. Atrav\u00e9s de reconhecimento foi poss\u00edvel identificar o menor infrator.<\/p>\n\n\n\n<p>O delegado Regional Jo\u00e3o Marcello representou pela interna\u00e7\u00e3o do adolescente, sendo deferida pelo ju\u00edzo da 1\u00aa Vara da Inf\u00e2ncia e da Juventude de S\u00e3o Miguel dos Campos. A motiva\u00e7\u00e3o teria sido d\u00edvida de drogas.<\/p>\n\n\n\n<p>&#8220;Em suas declara\u00e7\u00f5es, o menor confessou a pr\u00e1tica do ato infracional equiparado a homic\u00eddio qualificado, por motivo f\u00fatil e por n\u00e3o ter possibilitado a defesa da v\u00edtima&#8221;, disse o delegado.<\/p>\n\n\n\n<p>Com a apreens\u00e3o, a investiga\u00e7\u00e3o foi conclu\u00edda e o menor ser\u00e1 encaminhado \u00e0 Unidade de Interna\u00e7\u00e3o da Capital, onde ficar\u00e1 \u00e0 disposi\u00e7\u00e3o da Justi\u00e7a.<\/p>\n","protected":false},"excerpt":{"rendered":"<p>Informa\u00e7\u00f5es e foto: ASCOM-PC A Pol\u00edcia Civil, por meio da 6\u00aa Delegacia Regional de Pol\u00edcia (6\u00aaDRP) de S\u00e3o Miguel dos<\/p>\n","protected":false},"author":1,"featured_media":6832,"comment_status":"open","ping_status":"open","sticky":false,"template":"","format":"standard","meta":{"colormag_page_container_layout":"default_layout","colormag_page_sidebar_layout":"default_layout","footnotes":""},"categories":[10],"tags":[506,507,508,330],"class_list":["post-6831","post","type-post","status-publish","format-standard","has-post-thumbnail","hentry","category-noticias","tag-crime","tag-homicidio","tag-nego-elias","tag-policia-civil"],"aioseo_notices":[],"_links":{"self":[{"href":"https:\/\/portalr3.online\/index.php\/wp-json\/wp\/v2\/posts\/6831","targetHints":{"allow":["GET"]}}],"collection":[{"href":"https:\/\/portalr3.online\/index.php\/wp-json\/wp\/v2\/posts"}],"about":[{"href":"https:\/\/portalr3.online\/index.php\/wp-json\/wp\/v2\/types\/post"}],"author":[{"embeddable":true,"href":"https:\/\/portalr3.online\/index.php\/wp-json\/wp\/v2\/users\/1"}],"replies":[{"embeddable":true,"href":"https:\/\/portalr3.online\/index.php\/wp-json\/wp\/v2\/comments?post=6831"}],"version-history":[{"count":0,"href":"https:\/\/portalr3.online\/index.php\/wp-json\/wp\/v2\/posts\/6831\/revisions"}],"wp:featuredmedia":[{"embeddable":true,"href":"https:\/\/portalr3.online\/index.php\/wp-json\/wp\/v2\/media\/6832"}],"wp:attachment":[{"href":"https:\/\/portalr3.online\/index.php\/wp-json\/wp\/v2\/media?parent=6831"}],"wp:term":[{"taxonomy":"category","embeddable":true,"href":"https:\/\/portalr3.online\/index.php\/wp-json\/wp\/v2\/categories?post=6831"},{"taxonomy":"post_tag","embeddable":true,"href":"https:\/\/portalr3.online\/index.php\/wp-json\/wp\/v2\/tags?post=6831"}],"curies":[{"name":"wp","href":"https:\/\/api.w.org\/{rel}","templated":true}]}}