{"id":6828,"date":"2021-05-12T14:21:50","date_gmt":"2021-05-12T17:21:50","guid":{"rendered":"https:\/\/portalnarede.com.br\/?p=6828"},"modified":"2021-05-12T14:21:50","modified_gmt":"2021-05-12T17:21:50","slug":"ambulantes-da-orla-com-cadastro-regular-na-prefeitura-receberao-material-para-trabalho","status":"publish","type":"post","link":"https:\/\/portalr3.online\/index.php\/2021\/05\/12\/ambulantes-da-orla-com-cadastro-regular-na-prefeitura-receberao-material-para-trabalho\/","title":{"rendered":"Ambulantes da Orla, com cadastro regular na Prefeitura, receber\u00e3o material para trabalho"},"content":{"rendered":"\n<p>38 ambulantes que possuem cadastrado regular com a Secretaria Municipal De Seguran\u00e7a Comunit\u00e1ria e Conv\u00edvio Social (Semscs) ser\u00e3o beneficiados<\/p>\n\n\n\n<p>Informa\u00e7\u00f5es e Foto: Ascom Semtel\u00a0<\/p>\n\n\n\n<p>Os ambulantes que trabalham na orla de Macei\u00f3 receber\u00e3o novas cadeiras de sol, ombrelones, bon\u00e9s e material que o identifique como profissional que trabalha na faixa de areia da capital. Em reuni\u00e3o para alinhamento da a\u00e7\u00e3o, realizada nessa ter\u00e7a-feira (11), foi definido que 38 ambulantes que possuem cadastrado regular com a Secretaria Municipal De Seguran\u00e7a Comunit\u00e1ria e Conv\u00edvio Social (Semscs), ser\u00e3o beneficiados.<\/p>\n\n\n\n<p>A iniciativa, desenvolvida pela Secretaria de Estado do Desenvolvimento Econ\u00f4mico e Turismo (Sedetur) desde janeiro deste ano, contar\u00e1 com o apoio da Secretaria de Turismo, Esporte e Lazer (Semtel) e da Semscs, no ordenamento e acompanhamento dos profissionais que receber\u00e3o os kits.<\/p>\n\n\n\n<p>O objetivo da a\u00e7\u00e3o \u00e9 proporcionar mais conforto aos profissionais e visitantes. Foto: Ascom Semtel<\/p>\n\n\n\n<p>O encontro contou com a presen\u00e7a do novo titular da Sedetur, Marcius Beltr\u00e3o; com o secret\u00e1rio municipal de Turismo, Esporte e Lazer, Ricardo Santa Ritta; e o secret\u00e1rio da Semscs, Thiago Prado.<\/p>\n\n\n\n<p>\u201cQueremos estruturar o destino Macei\u00f3, que tem a orla mar\u00edtima como seu principal atrativo para os visitantes. Ordenar o trabalho dos ambulantes \u00e9 um passo para organizar o espa\u00e7o de praia, promover mais condi\u00e7\u00f5es de trabalho para esses profissionais e proporcionar mais conforto e seguran\u00e7a aos turistas e maceioenses\u201d, refor\u00e7ou o secret\u00e1rio da Semtel, Ricardo Santa Ritta.&nbsp;<\/p>\n\n\n\n<p><strong>Ger\u00eancia da Orla<\/strong><\/p>\n\n\n\n<p>Com o intuito de gerenciar, estruturar e monitorar os equipamentos e servi\u00e7os na orla urbana da capital, a Semtel implementou uma a\u00e7\u00e3o em parceria com \u00f3rg\u00e3os municipais fiscalizadores e de infraestrutura e trade tur\u00edstico, denominado \u201cGer\u00eancia da Orla\u201d.<\/p>\n\n\n\n<p>O trabalho das equipes envolve o monitoramento di\u00e1rio para implementa\u00e7\u00e3o de boas pr\u00e1ticas na gest\u00e3o das praias da capital, em rela\u00e7\u00e3o \u00e0 presta\u00e7\u00e3o de servi\u00e7os, manuten\u00e7\u00e3o das estruturas, padroniza\u00e7\u00e3o de equipamentos, fiscaliza\u00e7\u00e3o e sustentabilidade.<\/p>\n","protected":false},"excerpt":{"rendered":"<p>38 ambulantes que possuem cadastrado regular com a Secretaria Municipal De Seguran\u00e7a Comunit\u00e1ria e Conv\u00edvio Social (Semscs) ser\u00e3o beneficiados Informa\u00e7\u00f5es<\/p>\n","protected":false},"author":1,"featured_media":6829,"comment_status":"open","ping_status":"open","sticky":false,"template":"","format":"standard","meta":{"colormag_page_container_layout":"default_layout","colormag_page_sidebar_layout":"default_layout","footnotes":""},"categories":[10],"tags":[503,504,505],"class_list":["post-6828","post","type-post","status-publish","format-standard","has-post-thumbnail","hentry","category-noticias","tag-ambulantes","tag-ambulantes-orla-de-maceio","tag-prefeitura-de-maceio-fecha-parceria"],"aioseo_notices":[],"_links":{"self":[{"href":"https:\/\/portalr3.online\/index.php\/wp-json\/wp\/v2\/posts\/6828","targetHints":{"allow":["GET"]}}],"collection":[{"href":"https:\/\/portalr3.online\/index.php\/wp-json\/wp\/v2\/posts"}],"about":[{"href":"https:\/\/portalr3.online\/index.php\/wp-json\/wp\/v2\/types\/post"}],"author":[{"embeddable":true,"href":"https:\/\/portalr3.online\/index.php\/wp-json\/wp\/v2\/users\/1"}],"replies":[{"embeddable":true,"href":"https:\/\/portalr3.online\/index.php\/wp-json\/wp\/v2\/comments?post=6828"}],"version-history":[{"count":0,"href":"https:\/\/portalr3.online\/index.php\/wp-json\/wp\/v2\/posts\/6828\/revisions"}],"wp:featuredmedia":[{"embeddable":true,"href":"https:\/\/portalr3.online\/index.php\/wp-json\/wp\/v2\/media\/6829"}],"wp:attachment":[{"href":"https:\/\/portalr3.online\/index.php\/wp-json\/wp\/v2\/media?parent=6828"}],"wp:term":[{"taxonomy":"category","embeddable":true,"href":"https:\/\/portalr3.online\/index.php\/wp-json\/wp\/v2\/categories?post=6828"},{"taxonomy":"post_tag","embeddable":true,"href":"https:\/\/portalr3.online\/index.php\/wp-json\/wp\/v2\/tags?post=6828"}],"curies":[{"name":"wp","href":"https:\/\/api.w.org\/{rel}","templated":true}]}}