{"id":6824,"date":"2021-05-12T13:08:53","date_gmt":"2021-05-12T16:08:53","guid":{"rendered":"https:\/\/portalnarede.com.br\/?p=6824"},"modified":"2021-05-12T13:08:53","modified_gmt":"2021-05-12T16:08:53","slug":"homem-e-preso-em-maceio-suspeito-de-estuprar-a-propria-sobrinha-de-13-anos-de-idade-vitima-era-perseguida-e-ameacada","status":"publish","type":"post","link":"https:\/\/portalr3.online\/index.php\/2021\/05\/12\/homem-e-preso-em-maceio-suspeito-de-estuprar-a-propria-sobrinha-de-13-anos-de-idade-vitima-era-perseguida-e-ameacada\/","title":{"rendered":"Homem \u00e9 preso em Macei\u00f3 suspeito de estuprar a pr\u00f3pria sobrinha de 13 anos de idade; v\u00edtima era perseguida e amea\u00e7ada"},"content":{"rendered":"\n<p><strong><em>Segundo a pol\u00edcia, homem j\u00e1 respondeu por estupro de enteadas<\/em><\/strong><\/p>\n\n\n\n<p>*Com informa\u00e7\u00f5es e foto: assessoria<\/p>\n\n\n\n<p>Policiais da Delegacia dos Crimes contra a Crian\u00e7a e o Adolescente da Capital (DCCCA), coordenados pela delegada Adriana Gusm\u00e3o,\u00a0prenderam na manh\u00e3 desta quarta-feira (12), um homem de 39 anos suspeito de ter estuprado a pr\u00f3pria sobrinha de 13 anos de idade. A pris\u00e3o ocorreu no bairro do Benedito Bentes, na parte alta de Macei\u00f3.<\/p>\n\n\n\n<p>As investiga\u00e7\u00f5es apontam que a menor sofria amea\u00e7as para manter o abuso em segredo.<\/p>\n\n\n\n<p>&#8220;A v\u00edtima era perseguida e amea\u00e7ada pelo autor e por isso escondeu o crime por muito tempo. O laudo do exame de conjun\u00e7\u00e3o carnal comprova a materialidade delitiva&#8221;, pontuou a delegada Adriana Gusm\u00e3o.<\/p>\n\n\n\n<p>Ainda segundo a investiga\u00e7\u00e3o policial, o suspeito j\u00e1 havia respondido a outro inqu\u00e9rito e tamb\u00e9m a um processo criminal por ter abusado sexualmente das duas enteadas.<\/p>\n\n\n\n<p>Esta foi a segunda pris\u00e3o em 48 horas, de um suspeito de estupro contra menor de idade. Na segunda-feira (10), a equipe da DCCCA j\u00e1 tinha prendido\u00a0um homem de 53 anos por pr\u00e1tica de estupro contra tr\u00eas crian\u00e7as com idades de 10 a 13 anos.\u00a0O acusado foi preso no bairro do Barro Duro, em Macei\u00f3.<\/p>\n","protected":false},"excerpt":{"rendered":"<p>Segundo a pol\u00edcia, homem j\u00e1 respondeu por estupro de enteadas *Com informa\u00e7\u00f5es e foto: assessoria Policiais da Delegacia dos Crimes<\/p>\n","protected":false},"author":1,"featured_media":6825,"comment_status":"open","ping_status":"open","sticky":false,"template":"","format":"standard","meta":{"colormag_page_container_layout":"default_layout","colormag_page_sidebar_layout":"default_layout","footnotes":""},"categories":[10],"tags":[86,88,501,502],"class_list":["post-6824","post","type-post","status-publish","format-standard","has-post-thumbnail","hentry","category-noticias","tag-estupro","tag-homem","tag-preso","tag-sobrinha"],"aioseo_notices":[],"_links":{"self":[{"href":"https:\/\/portalr3.online\/index.php\/wp-json\/wp\/v2\/posts\/6824","targetHints":{"allow":["GET"]}}],"collection":[{"href":"https:\/\/portalr3.online\/index.php\/wp-json\/wp\/v2\/posts"}],"about":[{"href":"https:\/\/portalr3.online\/index.php\/wp-json\/wp\/v2\/types\/post"}],"author":[{"embeddable":true,"href":"https:\/\/portalr3.online\/index.php\/wp-json\/wp\/v2\/users\/1"}],"replies":[{"embeddable":true,"href":"https:\/\/portalr3.online\/index.php\/wp-json\/wp\/v2\/comments?post=6824"}],"version-history":[{"count":0,"href":"https:\/\/portalr3.online\/index.php\/wp-json\/wp\/v2\/posts\/6824\/revisions"}],"wp:featuredmedia":[{"embeddable":true,"href":"https:\/\/portalr3.online\/index.php\/wp-json\/wp\/v2\/media\/6825"}],"wp:attachment":[{"href":"https:\/\/portalr3.online\/index.php\/wp-json\/wp\/v2\/media?parent=6824"}],"wp:term":[{"taxonomy":"category","embeddable":true,"href":"https:\/\/portalr3.online\/index.php\/wp-json\/wp\/v2\/categories?post=6824"},{"taxonomy":"post_tag","embeddable":true,"href":"https:\/\/portalr3.online\/index.php\/wp-json\/wp\/v2\/tags?post=6824"}],"curies":[{"name":"wp","href":"https:\/\/api.w.org\/{rel}","templated":true}]}}