{"id":6819,"date":"2021-05-12T11:51:49","date_gmt":"2021-05-12T14:51:49","guid":{"rendered":"https:\/\/portalnarede.com.br\/?p=6819"},"modified":"2021-05-12T11:51:49","modified_gmt":"2021-05-12T14:51:49","slug":"prefeitura-de-maceio-amplia-vacinacao-contra-a-covid-19-para-outros-grupos-saiba-quais","status":"publish","type":"post","link":"https:\/\/portalr3.online\/index.php\/2021\/05\/12\/prefeitura-de-maceio-amplia-vacinacao-contra-a-covid-19-para-outros-grupos-saiba-quais\/","title":{"rendered":"Prefeitura de Macei\u00f3 amplia vacina\u00e7\u00e3o contra a Covid-19 para outros grupos; saiba quais"},"content":{"rendered":"\n<p><em>Imagem: Secom<\/em><\/p>\n\n\n\n<p><em>*Jo\u00e3o Pedro Magnani &#8211; estagi\u00e1rio sob supervis\u00e3o <\/em><\/p>\n\n\n\n<p>A Prefeitura de Macei\u00f3 ampliou a vacina\u00e7\u00e3o contra a Covid-19 nesta quarta-feira (12). Agora, pessoas com defici\u00eancias permanentes com 30 anos ou mais j\u00e1 podem ser imunizadas. O comunicado foi realizado pelo prefeito JHC e pela Secretaria Municipal de Sa\u00fade na noite dessa ter\u00e7a-feira (11).<\/p>\n\n\n\n<p>Para a imuniza\u00e7\u00e3o, as pessoas englobadas neste grupo devem comparecer a um dos oitos pontos de vacina\u00e7\u00e3o espalhados em toda a capital alagoana portando: documento com foto e CPF, original e c\u00f3pia de Comprovante de Resid\u00eancia e algum documento que comprove a condi\u00e7\u00e3o, como o laudo m\u00e9dico que indique a defici\u00eancia; cart\u00f5es de gratuidade no transporte p\u00fablico; documento que indique se tratar de pessoa com defici\u00eancia; comprovante de recebimento do Benef\u00edcio de Presta\u00e7\u00e3o Continuada (BPC); documento comprobat\u00f3rio de vincula\u00e7\u00e3o a Centros de Reabilita\u00e7\u00e3o e\/ou Unidades Especializadas no atendimento \u00e0s pessoas com defici\u00eancia.<\/p>\n\n\n\n<p>Vale lembrar que al\u00e9m das pessoas com defici\u00eancia a partir de 30 anos, professores e trabalhadores da Educa\u00e7\u00e3o B\u00e1sica que t\u00eam 55 anos ou mais, ou seja, qualquer trabalhador de escolas p\u00fablicas e privadas tamb\u00e9m podem ser vacinados.<\/p>\n\n\n\n<p>Segundo o \u00faltimo levantamento feito pelo Vacina Macei\u00f3, realizado ontem, 279.099 vacinas foram aplicadas, s\u00f3 em Macei\u00f3, sendo 183.224 mil referentes a primeira dose e 95.875 mil referentes a segunda.<\/p>\n","protected":false},"excerpt":{"rendered":"<p>Imagem: Secom *Jo\u00e3o Pedro Magnani &#8211; estagi\u00e1rio sob supervis\u00e3o A Prefeitura de Macei\u00f3 ampliou a vacina\u00e7\u00e3o contra a Covid-19 nesta<\/p>\n","protected":false},"author":1,"featured_media":6820,"comment_status":"open","ping_status":"open","sticky":false,"template":"","format":"standard","meta":{"colormag_page_container_layout":"default_layout","colormag_page_sidebar_layout":"default_layout","footnotes":""},"categories":[10],"tags":[82,267,140,141],"class_list":["post-6819","post","type-post","status-publish","format-standard","has-post-thumbnail","hentry","category-noticias","tag-covid-19","tag-imunizacao","tag-jhc","tag-prefeitura-de-maceio"],"aioseo_notices":[],"_links":{"self":[{"href":"https:\/\/portalr3.online\/index.php\/wp-json\/wp\/v2\/posts\/6819","targetHints":{"allow":["GET"]}}],"collection":[{"href":"https:\/\/portalr3.online\/index.php\/wp-json\/wp\/v2\/posts"}],"about":[{"href":"https:\/\/portalr3.online\/index.php\/wp-json\/wp\/v2\/types\/post"}],"author":[{"embeddable":true,"href":"https:\/\/portalr3.online\/index.php\/wp-json\/wp\/v2\/users\/1"}],"replies":[{"embeddable":true,"href":"https:\/\/portalr3.online\/index.php\/wp-json\/wp\/v2\/comments?post=6819"}],"version-history":[{"count":0,"href":"https:\/\/portalr3.online\/index.php\/wp-json\/wp\/v2\/posts\/6819\/revisions"}],"wp:featuredmedia":[{"embeddable":true,"href":"https:\/\/portalr3.online\/index.php\/wp-json\/wp\/v2\/media\/6820"}],"wp:attachment":[{"href":"https:\/\/portalr3.online\/index.php\/wp-json\/wp\/v2\/media?parent=6819"}],"wp:term":[{"taxonomy":"category","embeddable":true,"href":"https:\/\/portalr3.online\/index.php\/wp-json\/wp\/v2\/categories?post=6819"},{"taxonomy":"post_tag","embeddable":true,"href":"https:\/\/portalr3.online\/index.php\/wp-json\/wp\/v2\/tags?post=6819"}],"curies":[{"name":"wp","href":"https:\/\/api.w.org\/{rel}","templated":true}]}}