{"id":6817,"date":"2021-05-12T11:09:02","date_gmt":"2021-05-12T14:09:02","guid":{"rendered":"https:\/\/portalnarede.com.br\/?p=6817"},"modified":"2021-05-12T11:09:02","modified_gmt":"2021-05-12T14:09:02","slug":"uniao-dos-palmeiras-corpo-e-encontrado-com-sinais-de-apedrejamento-em-povoado","status":"publish","type":"post","link":"https:\/\/portalr3.online\/index.php\/2021\/05\/12\/uniao-dos-palmeiras-corpo-e-encontrado-com-sinais-de-apedrejamento-em-povoado\/","title":{"rendered":"Uni\u00e3o dos Palmeiras: Corpo \u00e9 encontrado com sinais de apedrejamento em povoado"},"content":{"rendered":"\n<p><em>Imagem: Assessoria <\/em><\/p>\n\n\n\n<p><em>*Jo\u00e3o Pedro Magnani &#8211; estagi\u00e1rio sob supervis\u00e3o<\/em><\/p>\n\n\n\n<p>No in\u00edcio desta quarta-feira (12), um homem foi encontrado morto em Uni\u00e3o dos Palmares. Segundo os policiais civis, ainda n\u00e3o \u00e9 poss\u00edvel afirmar a causa do \u00f3bito, mas h\u00e1 sinais de apedrejamento na v\u00edtima. O caso foi constatado no povoado Santa F\u00e9.<\/p>\n\n\n\n<p>O corpo do indiv\u00edduo, que n\u00e3o teve a identidade divulgada, foi encontrado por populares, que acionaram a Pol\u00edcia Militar.<\/p>\n\n\n\n<p>De acordo com o portal BR104, ainda n\u00e3o h\u00e1 informa\u00e7\u00f5es sobre um poss\u00edvel suspeito, nem qual foi a motiva\u00e7\u00e3o para o crime. A Pol\u00edcia Civil deve seguir com as investiga\u00e7\u00f5es.<\/p>\n\n\n\n<p>As equipes do Instituto de Criminal\u00edstica (IC) e Instituto M\u00e9dico Legal (IML), al\u00e9m das equipes da Pol\u00edcia Militar e Civil, estiveram no local e tomaram as medidas cab\u00edveis.<\/p>\n","protected":false},"excerpt":{"rendered":"<p>Imagem: Assessoria *Jo\u00e3o Pedro Magnani &#8211; estagi\u00e1rio sob supervis\u00e3o No in\u00edcio desta quarta-feira (12), um homem foi encontrado morto em<\/p>\n","protected":false},"author":1,"featured_media":862,"comment_status":"open","ping_status":"open","sticky":false,"template":"","format":"standard","meta":{"colormag_page_container_layout":"default_layout","colormag_page_sidebar_layout":"default_layout","footnotes":""},"categories":[22],"tags":[499,500],"class_list":["post-6817","post","type-post","status-publish","format-standard","has-post-thumbnail","hentry","category-cidades","tag-corpo","tag-uniao-dos-palmares"],"aioseo_notices":[],"_links":{"self":[{"href":"https:\/\/portalr3.online\/index.php\/wp-json\/wp\/v2\/posts\/6817","targetHints":{"allow":["GET"]}}],"collection":[{"href":"https:\/\/portalr3.online\/index.php\/wp-json\/wp\/v2\/posts"}],"about":[{"href":"https:\/\/portalr3.online\/index.php\/wp-json\/wp\/v2\/types\/post"}],"author":[{"embeddable":true,"href":"https:\/\/portalr3.online\/index.php\/wp-json\/wp\/v2\/users\/1"}],"replies":[{"embeddable":true,"href":"https:\/\/portalr3.online\/index.php\/wp-json\/wp\/v2\/comments?post=6817"}],"version-history":[{"count":0,"href":"https:\/\/portalr3.online\/index.php\/wp-json\/wp\/v2\/posts\/6817\/revisions"}],"wp:featuredmedia":[{"embeddable":true,"href":"https:\/\/portalr3.online\/index.php\/wp-json\/"}],"wp:attachment":[{"href":"https:\/\/portalr3.online\/index.php\/wp-json\/wp\/v2\/media?parent=6817"}],"wp:term":[{"taxonomy":"category","embeddable":true,"href":"https:\/\/portalr3.online\/index.php\/wp-json\/wp\/v2\/categories?post=6817"},{"taxonomy":"post_tag","embeddable":true,"href":"https:\/\/portalr3.online\/index.php\/wp-json\/wp\/v2\/tags?post=6817"}],"curies":[{"name":"wp","href":"https:\/\/api.w.org\/{rel}","templated":true}]}}