{"id":6801,"date":"2021-05-12T08:55:23","date_gmt":"2021-05-12T11:55:23","guid":{"rendered":"https:\/\/portalnarede.com.br\/?p=6801"},"modified":"2021-05-12T08:55:23","modified_gmt":"2021-05-12T11:55:23","slug":"titulo-operacao-replay-mp-e-ssp-desarticulam-organizacao-criminosa-8-pessoas-envolvidas-com-o-trafico-de-drogas-foram-presas","status":"publish","type":"post","link":"https:\/\/portalr3.online\/index.php\/2021\/05\/12\/titulo-operacao-replay-mp-e-ssp-desarticulam-organizacao-criminosa-8-pessoas-envolvidas-com-o-trafico-de-drogas-foram-presas\/","title":{"rendered":"Opera\u00e7\u00e3o Replay: MP e SSP desarticulam organiza\u00e7\u00e3o criminosa; 8 pessoas envolvidas com o tr\u00e1fico de drogas foram presas"},"content":{"rendered":"\n<p><em>Imagem: PMAL<\/em><\/p>\n\n\n\n<p><em>*Jo\u00e3o Pedro Magnani &#8211; estagi\u00e1rio sob supervis\u00e3o<\/em><\/p>\n\n\n\n<p><em>No total, 10 mandados de pris\u00e3o e 9 de busca e apreens\u00e3o foram expedidos<\/em><\/p>\n\n\n\n<p>Policiais civis e militares, coordenados pelo Minist\u00e9rio P\u00fablico do Estado de Alagoas (MPAL), por meio do Grupo de Atua\u00e7\u00e3o Especial de combate ao Crime Organizado (Gaeco), e a Secretaria de Estado da Seguran\u00e7a P\u00fablica (SSP), cumprem 10 mandados de pris\u00e3o e 9 de busca e apreens\u00e3o, nesta quinta-feira (12), expedidos pela 17\u00aa Vara Criminal da Capital.<\/p>\n\n\n\n<p>De acordo com o relat\u00f3rio encaminhado \u00e0 imprensa, seis homens e duas mulheres j\u00e1 foram presos. Com estes, no momento da pris\u00e3o, a pol\u00edcia encontrou uma quantia, n\u00e3o especificada, de crack e coca\u00edna.<\/p>\n\n\n\n<p>Segundo os agentes, com a opera\u00e7\u00e3o, intitulada Replay, foi poss\u00edvel chegar aos n\u00facleos de venda de entorpecentes e desarticular uma organiza\u00e7\u00e3o criminosa especializada no tr\u00e1fico de drogas que atuava nos bairros do Clima Bom e Cana\u00e3.<\/p>\n\n\n\n<p>Para a realiza\u00e7\u00e3o da opera\u00e7\u00e3o integrada foram empregados policiais militares dos 4\u00ba Batalh\u00e3o, do Batalh\u00e3o Escolar (Bpesc) e agentes da DEIC.<\/p>\n\n\n\n<p>Todos os indiv\u00edduos e materiais apreendidos foram encaminhados para a sede da DEIC, localizada no bairro da Santa Am\u00e9lia, onde ser\u00e3o tomadas todas as medidas cab\u00edveis.<\/p>\n","protected":false},"excerpt":{"rendered":"<p>Imagem: PMAL *Jo\u00e3o Pedro Magnani &#8211; estagi\u00e1rio sob supervis\u00e3o No total, 10 mandados de pris\u00e3o e 9 de busca e<\/p>\n","protected":false},"author":1,"featured_media":6802,"comment_status":"open","ping_status":"open","sticky":false,"template":"","format":"standard","meta":{"colormag_page_container_layout":"default_layout","colormag_page_sidebar_layout":"default_layout","footnotes":""},"categories":[10],"tags":[331,151],"class_list":["post-6801","post","type-post","status-publish","format-standard","has-post-thumbnail","hentry","category-noticias","tag-prisao","tag-trafico-de-drogas"],"aioseo_notices":[],"_links":{"self":[{"href":"https:\/\/portalr3.online\/index.php\/wp-json\/wp\/v2\/posts\/6801","targetHints":{"allow":["GET"]}}],"collection":[{"href":"https:\/\/portalr3.online\/index.php\/wp-json\/wp\/v2\/posts"}],"about":[{"href":"https:\/\/portalr3.online\/index.php\/wp-json\/wp\/v2\/types\/post"}],"author":[{"embeddable":true,"href":"https:\/\/portalr3.online\/index.php\/wp-json\/wp\/v2\/users\/1"}],"replies":[{"embeddable":true,"href":"https:\/\/portalr3.online\/index.php\/wp-json\/wp\/v2\/comments?post=6801"}],"version-history":[{"count":0,"href":"https:\/\/portalr3.online\/index.php\/wp-json\/wp\/v2\/posts\/6801\/revisions"}],"wp:featuredmedia":[{"embeddable":true,"href":"https:\/\/portalr3.online\/index.php\/wp-json\/wp\/v2\/media\/6802"}],"wp:attachment":[{"href":"https:\/\/portalr3.online\/index.php\/wp-json\/wp\/v2\/media?parent=6801"}],"wp:term":[{"taxonomy":"category","embeddable":true,"href":"https:\/\/portalr3.online\/index.php\/wp-json\/wp\/v2\/categories?post=6801"},{"taxonomy":"post_tag","embeddable":true,"href":"https:\/\/portalr3.online\/index.php\/wp-json\/wp\/v2\/tags?post=6801"}],"curies":[{"name":"wp","href":"https:\/\/api.w.org\/{rel}","templated":true}]}}