{"id":6796,"date":"2021-05-12T05:17:25","date_gmt":"2021-05-12T08:17:25","guid":{"rendered":"https:\/\/portalnarede.com.br\/?p=6796"},"modified":"2021-05-12T05:17:25","modified_gmt":"2021-05-12T08:17:25","slug":"cpi-ouve-fabio-wajngarten-nesta-quarta-sobre-incompetencia-do-ministerio-da-saude","status":"publish","type":"post","link":"https:\/\/portalr3.online\/index.php\/2021\/05\/12\/cpi-ouve-fabio-wajngarten-nesta-quarta-sobre-incompetencia-do-ministerio-da-saude\/","title":{"rendered":"CPI ouve Fabio Wajngarten nesta quarta sobre &#8216;incompet\u00eancia&#8217; do Minist\u00e9rio da Sa\u00fade; assista ao vivo"},"content":{"rendered":"\n<h5 class=\"wp-block-heading\">Ex-secret\u00e1rio de Comunica\u00e7\u00e3o do Planalto \u00e9 o quinto a prestar depoimento. Ele disse em entrevista que &#8216;incompet\u00eancia&#8217; do minist\u00e9rio atrasou compra de vacinas contra Covid.<\/h5>\n\n\n\n<p>A CPI da Covid do Senado ouve nesta quarta-feira (12), como testemunha, o empres\u00e1rio&nbsp;<a href=\"https:\/\/g1.globo.com\/politica\/noticia\/2021\/05\/05\/cpi-da-covid-aprova-convocacoes-de-fabio-wajngarten-e-ernesto-araujo.ghtml\">Fabio Wajngarten<\/a>, ex-secret\u00e1rio de Comunica\u00e7\u00e3o do Pal\u00e1cio do Planalto.<\/p>\n\n\n\n<p>Ser\u00e1 o quinto dia de depoimentos da comiss\u00e3o parlamentar de inqu\u00e9rito, que apura a\u00e7\u00f5es e omiss\u00f5es do governo federal no enfrentamento da pandemia de Covid e eventual desvio de verbas federais enviadas a estados e munic\u00edpios.<\/p>\n\n\n\n<p>Na condi\u00e7\u00e3o de testemunha, o depoente se compromete a dizer a verdade, sob o risco de incorrer no crime de falso testemunho.<\/p>\n\n\n\n<figure class=\"wp-block-embed aligncenter is-type-video is-provider-youtube wp-block-embed-youtube wp-embed-aspect-16-9 wp-has-aspect-ratio\"><div class=\"wp-block-embed__wrapper\">\n<iframe loading=\"lazy\" title=\"CPI DA PANDEMIA OUVE F\u00c1BIO WAJNGARTEN EX-SECRET\u00c1RIO COMUNICA\u00c7\u00c3O DE BOLSONARO\" width=\"800\" height=\"450\" src=\"https:\/\/www.youtube.com\/embed\/aZY7wbe6pTg?feature=oembed\" frameborder=\"0\" allow=\"accelerometer; autoplay; clipboard-write; encrypted-media; gyroscope; picture-in-picture\" allowfullscreen><\/iframe>\n<\/div><\/figure>\n\n\n\n<p>At\u00e9 agora, j\u00e1 prestaram depoimento os ex-ministros da Sa\u00fade&nbsp;<a href=\"https:\/\/g1.globo.com\/politica\/noticia\/2021\/05\/04\/mandetta-fala-durante-mais-de-7-horas-na-abertura-da-fase-de-depoimentos-da-cpi-da-covid.ghtml\">Luiz Henrique Mandetta<\/a>&nbsp;e&nbsp;<a href=\"https:\/\/g1.globo.com\/politica\/noticia\/2021\/05\/05\/em-seis-horas-de-depoimento-teich-expoe-a-cpi-divergencias-com-bolsonaro.ghtml\">Nelson Teich<\/a>; o atual ministro,&nbsp;<a href=\"https:\/\/g1.globo.com\/politica\/noticia\/2021\/05\/06\/cloroquina-tratamento-precoce-falas-de-bolsonaro-os-temas-que-o-ministro-da-saude-evitou-na-cpi.ghtml\">Marcelo Queiroga<\/a>; e o presidente da Ag\u00eancia Nacional de Vigil\u00e2ncia Sanit\u00e1ria (Anvisa),&nbsp;<a href=\"https:\/\/g1.globo.com\/politica\/noticia\/2021\/05\/11\/em-contraste-com-ministro-queiroga-barra-torres-expoe-na-cpi-divergencias-com-bolsonaro.ghtml\">Antonio Barra Torres<\/a>&nbsp;(<em>clique no nome para ler detalhes do depoimento<\/em>).<\/p>\n\n\n\n<p>Fabio Wajngarten deixou a Secretaria de Comunica\u00e7\u00e3o do governo&nbsp;<a href=\"https:\/\/g1.globo.com\/politica\/noticia\/2021\/03\/11\/bolsonaro-exonera-fabio-wajngarten-da-chefia-da-secretaria-de-comunicacao-da-presidencia.ghtml\">em mar\u00e7o deste ano<\/a>, ap\u00f3s quase dois anos no cargo.<\/p>\n\n\n\n<p>Senadores querem que o empres\u00e1rio explique a declara\u00e7\u00e3o dada \u00e0 revista &#8220;Veja&#8221; na qual disse que&nbsp;<a href=\"https:\/\/g1.globo.com\/politica\/noticia\/2021\/04\/22\/incompetencia-atrasou-aquisicao-de-vacinas-contra-a-covid-diz-a-revista-ex-secretario-do-governo.ghtml\">a &#8220;incompet\u00eancia&#8221; do Minist\u00e9rio da Sa\u00fade causou atraso na compra de vacinas<\/a>&nbsp;contra a Covid-19.<\/p>\n\n\n\n<h2 class=\"wp-block-heading\">&#8216;Incompet\u00eancia&#8217; e campanhas<\/h2>\n\n\n\n<p>O depoimento de Wajngarten \u00e0 CPI&nbsp;<a href=\"https:\/\/g1.globo.com\/politica\/blog\/gerson-camarotti\/post\/2021\/05\/10\/depoimento-de-wajngarten-cria-apreensao-entre-governistas-na-cpi-da-covid.ghtml\">tem gerado apreens\u00e3o<\/a>&nbsp;entre governistas, segundo o colunista do&nbsp;<strong>G1<\/strong>&nbsp;Gerson Camarotti. Isso porque a avalia\u00e7\u00e3o \u00e9 a de que a fala sobre a &#8220;incompet\u00eancia&#8221; do Minist\u00e9rio da Sa\u00fade colocou todo o governo como alvo da comiss\u00e3o.<\/p>\n\n\n\n<p>&#8220;Incompet\u00eancia e inefici\u00eancia. Quando voc\u00ea tem um laborat\u00f3rio americano com cinco escrit\u00f3rios de advocacia apoiando uma negocia\u00e7\u00e3o que envolve cifras milion\u00e1rias e do outro lado um time pequeno, t\u00edmido, sem experi\u00eancia, \u00e9 isso que acontece&#8221;, declarou Wajngarten \u00e0 revista.<\/p>\n\n\n\n<p>Autor de um dos requerimentos de convoca\u00e7\u00e3o do ex-secret\u00e1rio do Planalto, Randolfe Rodrigues (Rede-AP) tamb\u00e9m destaca outro trecho da entrevista, no qual Wajngarten disse ter se reunido com representantes da Pfizer em Bras\u00edlia.<\/p>\n\n\n\n<p>&#8220;[Wajngarten] informa possuir e-mails, registros telef\u00f4nicos, c\u00f3pias de minutas do contrato, dentre outras provas para confirmar sua afirma\u00e7\u00e3o&#8221;, diz Randolfe.<\/p>\n\n\n\n<p>Alessandro Vieira (Cidadania-SE), que tamb\u00e9m apresentou pedido de convoca\u00e7\u00e3o do ex-secret\u00e1rio, vai cobrar esclarecimentos sobre a comunica\u00e7\u00e3o do governo em rela\u00e7\u00e3o ao isolamento social, \u00e0 vacina\u00e7\u00e3o e ao uso de medicamentos comprovadamente ineficazes contra a Covid.<\/p>\n\n\n\n<p>A falta de campanhas do governo durante a pandemia \u00e9 alvo de cr\u00edticas de especialistas e parlamentares. Para senadores da oposi\u00e7\u00e3o, por exemplo, a dissemina\u00e7\u00e3o do coronav\u00edrus no pa\u00eds poderia ter sido reduzida caso houvesse campanhas de est\u00edmulo ao distanciamento social; e ao uso de m\u00e1scaras e \u00e1lcool em gel.<\/p>\n","protected":false},"excerpt":{"rendered":"<p>Ex-secret\u00e1rio de Comunica\u00e7\u00e3o do Planalto \u00e9 o quinto a prestar depoimento. Ele disse em entrevista que &#8216;incompet\u00eancia&#8217; do minist\u00e9rio atrasou<\/p>\n","protected":false},"author":1,"featured_media":6797,"comment_status":"open","ping_status":"open","sticky":false,"template":"","format":"standard","meta":{"colormag_page_container_layout":"default_layout","colormag_page_sidebar_layout":"default_layout","footnotes":""},"categories":[10],"tags":[335,494,495],"class_list":["post-6796","post","type-post","status-publish","format-standard","has-post-thumbnail","hentry","category-noticias","tag-cpi","tag-depoimento","tag-fabio-wajngarten"],"aioseo_notices":[],"_links":{"self":[{"href":"https:\/\/portalr3.online\/index.php\/wp-json\/wp\/v2\/posts\/6796","targetHints":{"allow":["GET"]}}],"collection":[{"href":"https:\/\/portalr3.online\/index.php\/wp-json\/wp\/v2\/posts"}],"about":[{"href":"https:\/\/portalr3.online\/index.php\/wp-json\/wp\/v2\/types\/post"}],"author":[{"embeddable":true,"href":"https:\/\/portalr3.online\/index.php\/wp-json\/wp\/v2\/users\/1"}],"replies":[{"embeddable":true,"href":"https:\/\/portalr3.online\/index.php\/wp-json\/wp\/v2\/comments?post=6796"}],"version-history":[{"count":0,"href":"https:\/\/portalr3.online\/index.php\/wp-json\/wp\/v2\/posts\/6796\/revisions"}],"wp:featuredmedia":[{"embeddable":true,"href":"https:\/\/portalr3.online\/index.php\/wp-json\/wp\/v2\/media\/6797"}],"wp:attachment":[{"href":"https:\/\/portalr3.online\/index.php\/wp-json\/wp\/v2\/media?parent=6796"}],"wp:term":[{"taxonomy":"category","embeddable":true,"href":"https:\/\/portalr3.online\/index.php\/wp-json\/wp\/v2\/categories?post=6796"},{"taxonomy":"post_tag","embeddable":true,"href":"https:\/\/portalr3.online\/index.php\/wp-json\/wp\/v2\/tags?post=6796"}],"curies":[{"name":"wp","href":"https:\/\/api.w.org\/{rel}","templated":true}]}}