{"id":6793,"date":"2021-05-12T05:04:06","date_gmt":"2021-05-12T08:04:06","guid":{"rendered":"https:\/\/portalnarede.com.br\/?p=6793"},"modified":"2021-05-12T05:04:06","modified_gmt":"2021-05-12T08:04:06","slug":"tempo-deve-continuar-instavel-e-com-chuva-em-alagoas-nesta-quarta-12","status":"publish","type":"post","link":"https:\/\/portalr3.online\/index.php\/2021\/05\/12\/tempo-deve-continuar-instavel-e-com-chuva-em-alagoas-nesta-quarta-12\/","title":{"rendered":"Tempo deve continuar inst\u00e1vel e com chuva em Alagoas nesta quarta (12)"},"content":{"rendered":"\n<h5 class=\"wp-block-heading\">Segundo a Semarh, as chuvas devem ocorrer, principalmente, nas regi\u00f5es do Litoral, Zona da Mata, Agreste e Baixo S\u00e3o Francisco.<\/h5>\n\n\n\n<p>Chuvas moderadas e distribu\u00eddas ao longo do dia devem continuar caindo em\u00a0<a href=\"https:\/\/www.br104.com.br\/tag\/alagoas\" target=\"_blank\" rel=\"noreferrer noopener\"><strong>Alagoas<\/strong><\/a>, especialmente nas regi\u00f5es do Litoral, Zona da Mata, Agreste e Baixo S\u00e3o Francisco, nessa quarta-feira. Informa\u00e7\u00e3o foi cofirmada pela Sala de Alerta da Secretaria de Estado do Meio Ambiente e dos Recursos H\u00eddricos (Semarh).<\/p>\n\n\n\n<p>Algumas regi\u00f5es de Alagoas est\u00e3o mantendo seus alertas de aten\u00e7\u00e3o e monitoramento sob risco de chuvas intensas que podem provocar transtornos como alagamentos e deslizamentos. Veja a previs\u00e3o do tempo:<br><\/p>\n\n\n\n<div class=\"wp-block-image\"><figure class=\"aligncenter size-large\"><img loading=\"lazy\" decoding=\"async\" width=\"824\" height=\"603\" src=\"https:\/\/portalnarede.com.br\/wp-content\/uploads\/2021\/05\/chuva-quarta.jpg\" alt=\"\" class=\"wp-image-6794\" srcset=\"https:\/\/portalr3.online\/wp-content\/uploads\/2021\/05\/chuva-quarta.jpg 824w, https:\/\/portalr3.online\/wp-content\/uploads\/2021\/05\/chuva-quarta-300x220.jpg 300w, https:\/\/portalr3.online\/wp-content\/uploads\/2021\/05\/chuva-quarta-768x562.jpg 768w\" sizes=\"auto, (max-width: 824px) 100vw, 824px\" \/><\/figure><\/div>\n","protected":false},"excerpt":{"rendered":"<p>Segundo a Semarh, as chuvas devem ocorrer, principalmente, nas regi\u00f5es do Litoral, Zona da Mata, Agreste e Baixo S\u00e3o Francisco.<\/p>\n","protected":false},"author":1,"featured_media":664,"comment_status":"open","ping_status":"open","sticky":false,"template":"","format":"standard","meta":{"colormag_page_container_layout":"default_layout","colormag_page_sidebar_layout":"default_layout","footnotes":""},"categories":[10],"tags":[492,47,347,443,493],"class_list":["post-6793","post","type-post","status-publish","format-standard","has-post-thumbnail","hentry","category-noticias","tag-alagamentos","tag-alagoas","tag-alerta","tag-chuvas","tag-risco"],"aioseo_notices":[],"_links":{"self":[{"href":"https:\/\/portalr3.online\/index.php\/wp-json\/wp\/v2\/posts\/6793","targetHints":{"allow":["GET"]}}],"collection":[{"href":"https:\/\/portalr3.online\/index.php\/wp-json\/wp\/v2\/posts"}],"about":[{"href":"https:\/\/portalr3.online\/index.php\/wp-json\/wp\/v2\/types\/post"}],"author":[{"embeddable":true,"href":"https:\/\/portalr3.online\/index.php\/wp-json\/wp\/v2\/users\/1"}],"replies":[{"embeddable":true,"href":"https:\/\/portalr3.online\/index.php\/wp-json\/wp\/v2\/comments?post=6793"}],"version-history":[{"count":0,"href":"https:\/\/portalr3.online\/index.php\/wp-json\/wp\/v2\/posts\/6793\/revisions"}],"wp:featuredmedia":[{"embeddable":true,"href":"https:\/\/portalr3.online\/index.php\/wp-json\/"}],"wp:attachment":[{"href":"https:\/\/portalr3.online\/index.php\/wp-json\/wp\/v2\/media?parent=6793"}],"wp:term":[{"taxonomy":"category","embeddable":true,"href":"https:\/\/portalr3.online\/index.php\/wp-json\/wp\/v2\/categories?post=6793"},{"taxonomy":"post_tag","embeddable":true,"href":"https:\/\/portalr3.online\/index.php\/wp-json\/wp\/v2\/tags?post=6793"}],"curies":[{"name":"wp","href":"https:\/\/api.w.org\/{rel}","templated":true}]}}