{"id":6778,"date":"2021-05-11T17:36:25","date_gmt":"2021-05-11T20:36:25","guid":{"rendered":"https:\/\/portalnarede.com.br\/?p=6778"},"modified":"2021-05-11T17:36:25","modified_gmt":"2021-05-11T20:36:25","slug":"juliette-passa-temporada-na-casa-de-anitta-no-rio-to-empresaria-poderosa-e-milionaria","status":"publish","type":"post","link":"https:\/\/portalr3.online\/index.php\/2021\/05\/11\/juliette-passa-temporada-na-casa-de-anitta-no-rio-to-empresaria-poderosa-e-milionaria\/","title":{"rendered":"Juliette passa temporada na casa de Anitta no Rio: &#8216;T\u00f4 empres\u00e1ria, poderosa e milion\u00e1ria&#8217;"},"content":{"rendered":"\n<p><\/p>\n\n\n\n<p>Com informa\u00e7\u00f5es: Gshow \/ Foto: Reprodu\u00e7\u00e3o Instagram<\/p>\n\n\n\n<p><a href=\"https:\/\/gshow.globo.com\/artistas\/juliette-bbb-21\/\"><strong>Juliette&nbsp;<\/strong><\/a>est\u00e1 passando temporada no Rio de Janeiro com sua m\u00e3e, dona&nbsp;<strong>F\u00e1tima<\/strong>. E adivinhem onde elas est\u00e3o morando? Na casa da cantora&nbsp;<a href=\"https:\/\/gshow.globo.com\/artistas\/anitta\/\"><strong>Anitta<\/strong><\/a>! Sim, a novidade foi compartilhada pela&nbsp;<a href=\"https:\/\/gshow.globo.com\/realities\/bbb\/\"><strong>campe\u00e3 do BBB21<\/strong><\/a>&nbsp;em rede social.<\/p>\n\n\n\n<p><strong>&#8220;Estou sabendo que voc\u00eas est\u00e3o com saudades de mim, mas eu estou tendo que dar aten\u00e7\u00e3o para mainha, que est\u00e1 manhosa&#8230; Tive reuni\u00f5es, estou muito chique! T\u00f4 empres\u00e1ria, poderosa e milion\u00e1ria&#8221;, brincou Juliette.<\/strong><\/p>\n\n\n\n<p><strong>&#8220;Pronto, meu povo! T\u00f4 na correria, mas t\u00f4 aqui! \ud83e\udd70 Obrigada pela acolhida nessa casa linda, de uma fam\u00edlia que tamb\u00e9m \u00e9 da Para\u00edba e torce por mim e pelos meus. Sim, eu t\u00f4 na casa de @anitta (mas ela n\u00e3o t\u00e1 aqui!). Zerei a vida!&#8221;, escreveu em seu perfil do Instagram.<\/strong><\/p>\n\n\n\n<p><strong>&#8220;Estou de alma lava e vou rasgar uma novidade. A sa\u00fade da minha m\u00e3e sempre foi a minha maior preocupa\u00e7\u00e3o. E eu queria dizer que ela foi extremante acolhida aqui no Rio de Janeiro, assim como os meus amigos e toda a minha equipe tamb\u00e9m.&#8221;<\/strong><\/p>\n\n\n\n<p><strong>&#8220;Eu tive muito carinho do mundo, de pessoas que se apaixonaram por mim e que me ofereceram a m\u00e3o. Me convidaram para ficar aqui, quietinhos e testadinhos. Zerei a vida!&#8221; , explicou Juliette ao mostrar que est\u00e1 hospedada na casa da cantora carioca, no Rio de Janeiro.<\/strong><\/p>\n\n\n\n<p><a href=\"https:\/\/gshow.globo.com\/artistas\/anitta\/\"><strong>Anitta&nbsp;<\/strong><\/a>est\u00e1 passando temporada nos Estados Unidos, onde lan\u00e7a carreira internacional e realiza uma s\u00e9rie de show promocionais para lan\u00e7ar o single<a href=\"https:\/\/gshow.globo.com\/Famosos\/noticia\/girl-from-rio-descubra-quem-e-o-modelo-que-beija-anitta-em-clipe.ghtml\"><strong>&nbsp;Girl From Rio<\/strong><\/a>. Recentemente, ela ganhou pr\u00eamio no&nbsp;<a href=\"https:\/\/gshow.globo.com\/moda-e-beleza\/noticia\/anitta-arrasa-em-latin-america-music-awards-2021-confira-os-looks.ghtml\"><strong>Latin American Music Awards 2021<\/strong><\/a>&nbsp;e se apresentou no placo do maior evento de m\u00fasica latina.<\/p>\n\n\n\n<p>Ali\u00e1s, a cantora fez um \u00fanico pedido para Juliette:<\/p>\n\n\n\n<p><strong>&#8220;Seja bem-vida. Cuida dos cachorros pra mim enquanto estou longe&#8221;.<\/strong><\/p>\n","protected":false},"excerpt":{"rendered":"<p>Com informa\u00e7\u00f5es: Gshow \/ Foto: Reprodu\u00e7\u00e3o Instagram Juliette&nbsp;est\u00e1 passando temporada no Rio de Janeiro com sua m\u00e3e, dona&nbsp;F\u00e1tima. E adivinhem<\/p>\n","protected":false},"author":1,"featured_media":6779,"comment_status":"open","ping_status":"open","sticky":false,"template":"","format":"standard","meta":{"colormag_page_container_layout":"default_layout","colormag_page_sidebar_layout":"default_layout","footnotes":""},"categories":[129],"tags":[489,249,457,136,262,292],"class_list":["post-6778","post","type-post","status-publish","format-standard","has-post-thumbnail","hentry","category-estilo","tag-anitta","tag-cantora","tag-ex-bbb-2","tag-juliette","tag-juliette-freire","tag-redes-sociais"],"aioseo_notices":[],"_links":{"self":[{"href":"https:\/\/portalr3.online\/index.php\/wp-json\/wp\/v2\/posts\/6778","targetHints":{"allow":["GET"]}}],"collection":[{"href":"https:\/\/portalr3.online\/index.php\/wp-json\/wp\/v2\/posts"}],"about":[{"href":"https:\/\/portalr3.online\/index.php\/wp-json\/wp\/v2\/types\/post"}],"author":[{"embeddable":true,"href":"https:\/\/portalr3.online\/index.php\/wp-json\/wp\/v2\/users\/1"}],"replies":[{"embeddable":true,"href":"https:\/\/portalr3.online\/index.php\/wp-json\/wp\/v2\/comments?post=6778"}],"version-history":[{"count":0,"href":"https:\/\/portalr3.online\/index.php\/wp-json\/wp\/v2\/posts\/6778\/revisions"}],"wp:featuredmedia":[{"embeddable":true,"href":"https:\/\/portalr3.online\/index.php\/wp-json\/wp\/v2\/media\/6779"}],"wp:attachment":[{"href":"https:\/\/portalr3.online\/index.php\/wp-json\/wp\/v2\/media?parent=6778"}],"wp:term":[{"taxonomy":"category","embeddable":true,"href":"https:\/\/portalr3.online\/index.php\/wp-json\/wp\/v2\/categories?post=6778"},{"taxonomy":"post_tag","embeddable":true,"href":"https:\/\/portalr3.online\/index.php\/wp-json\/wp\/v2\/tags?post=6778"}],"curies":[{"name":"wp","href":"https:\/\/api.w.org\/{rel}","templated":true}]}}