{"id":6770,"date":"2021-05-11T17:19:12","date_gmt":"2021-05-11T20:19:12","guid":{"rendered":"https:\/\/portalnarede.com.br\/?p=6770"},"modified":"2021-05-11T17:19:12","modified_gmt":"2021-05-11T20:19:12","slug":"juliana-amaral-posta-ultima-foto-com-o-irmao-paulo-gustavo-e-faz-homenagem-sempre-de-maos-dadas","status":"publish","type":"post","link":"https:\/\/portalr3.online\/index.php\/2021\/05\/11\/juliana-amaral-posta-ultima-foto-com-o-irmao-paulo-gustavo-e-faz-homenagem-sempre-de-maos-dadas\/","title":{"rendered":"Juliana Amaral posta \u00faltima foto com o irm\u00e3o, Paulo Gustavo, e faz homenagem: &#8216;Sempre de m\u00e3os dadas&#8217;"},"content":{"rendered":"\n<p><\/p>\n\n\n\n<p>Com informa\u00e7\u00f5es: Gshow \/ Fotos: Reprodu\u00e7\u00e3o Instagram<\/p>\n\n\n\n<p><strong>Juliana Amaral<\/strong>\u00a0usou as redes na madrugada desta ter\u00e7a-feira, (11) &#8211;\u00a0<a href=\"https:\/\/gshow.globo.com\/Famosos\/noticia\/paulo-gustavo-morre-aos-42-anos-apos-complicacoes-da-covid-19.ghtml\"><strong>uma semana ap\u00f3s a morte do irm\u00e3o, Paulo Gustavo, por complica\u00e7\u00f5es da Covid-19\u00a0<\/strong><\/a>&#8211; e postou a \u00faltima foto dos dois juntos, de m\u00e3os dadas, na despedida do artista de 42 anos, que estava internado h\u00e1 mais de 50 dias em um hospital da Zona Sul do Rio de Janeiro.<\/p>\n\n\n\n<p>A produtora escreveu um bel\u00edssimo texto, carregado de emo\u00e7\u00e3o, em homenagem ao comediante:<\/p>\n\n\n\n<p>&#8220;Sim, meu irm\u00e3o tratava todas as quest\u00f5es pol\u00edticas com amor, leveza, alma, alegria e humor! Ele me dizia que o humor que ele fazia, iria transformar at\u00e9 o &#8216;intransform\u00e1vel&#8217;. Ele era muito otimista! Que um dia iriam existir mais pessoas boas do que ruins! N\u00e3o deu tempo pra ele estar com todos n\u00f3s nessa vida terrena, sentindo na pr\u00e1tica todo esse movimento e evolu\u00e7\u00e3o pelo que ele tanto lutava. Ele ficava t\u00e3o feliz com cada pessoa que escrevia pra ele, dizendo que ele a tinha curado disso e daquilo.&#8221;<\/p>\n\n\n\n<p><strong>&#8220;Obrigada a todos pelas ora\u00e7\u00f5es e apoio. Gratid\u00e3o eterna&#8221;, escreveu D\u00e9a na legenda da foto da missa de 7\u00ba dia de Paulo, que ser\u00e1 celebrada hoje, pelo reitor do Santu\u00e1rio Cristo Redentor, Padre Omar, no Santu\u00e1rio Cristo Redentor da Arquidiocese do Rio de Janeiro.<\/strong><\/p>\n\n\n\n<p>Restrita a parentes e amigos pr\u00f3ximos, a cerim\u00f4nia ter\u00e1 homenagens ao ator e a todas as v\u00edtimas da doen\u00e7a. O coro Bienias &amp; Prim cantar\u00e1 durante os rituais.&nbsp;<a href=\"https:\/\/gshow.globo.com\/Famosos\/noticia\/missa-de-7o-dia-de-paulo-gustavo-sera-celebrada-no-cristo-redentor.ghtml\"><strong>Como retribui\u00e7\u00e3o a todas as manifesta\u00e7\u00f5es de amor, a fam\u00edlia decidiu transmitir a missa ao vivo pelo canal Multishow, a partir das 18h30<\/strong><\/a>.<\/p>\n\n\n\n<p>O sinal do Multishow no&nbsp;<a href=\"https:\/\/globoplay.globo.com\/\"><strong>Globoplay&nbsp;<\/strong><\/a>Mais Canais estar\u00e1 aberto e, mesmo quem n\u00e3o \u00e9 assinante da plataforma, poder\u00e1 acompanhar a despedida. A celebra\u00e7\u00e3o seguir\u00e1 as normas internacionais contra o Coronav\u00edrus e as regras da Arquidiocese do Rio de Janeiro e da Vigil\u00e2ncia Sanit\u00e1ria.<\/p>\n\n\n\n<p><strong>Thales Bretas<\/strong>, marido do humorista, tamb\u00e9m fez quest\u00e3o de postar seu agradecimento ao p\u00fablico: <strong>&#8220;Obrigado por todas as manifesta\u00e7\u00f5es de carinho e homenagens&#8230; N\u00e3o estou conseguindo acompanhar tudo por aqui, mas sinto com certeza toda a energia e o amor que emanam! Nos vemos pra rezar mais uma vez juntos!&#8221;, convocou.<\/strong><\/p>\n","protected":false},"excerpt":{"rendered":"<p>Com informa\u00e7\u00f5es: Gshow \/ Fotos: Reprodu\u00e7\u00e3o Instagram Juliana Amaral\u00a0usou as redes na madrugada desta ter\u00e7a-feira, (11) &#8211;\u00a0uma semana ap\u00f3s a<\/p>\n","protected":false},"author":1,"featured_media":6771,"comment_status":"open","ping_status":"open","sticky":false,"template":"","format":"standard","meta":{"colormag_page_container_layout":"default_layout","colormag_page_sidebar_layout":"default_layout","footnotes":""},"categories":[129],"tags":[246,82,294,242,481,482,248],"class_list":["post-6770","post","type-post","status-publish","format-standard","has-post-thumbnail","hentry","category-estilo","tag-ator","tag-covid-19","tag-despedida","tag-humorista","tag-juliana-amaral","tag-missa","tag-paulo-gustavo"],"aioseo_notices":[],"_links":{"self":[{"href":"https:\/\/portalr3.online\/index.php\/wp-json\/wp\/v2\/posts\/6770","targetHints":{"allow":["GET"]}}],"collection":[{"href":"https:\/\/portalr3.online\/index.php\/wp-json\/wp\/v2\/posts"}],"about":[{"href":"https:\/\/portalr3.online\/index.php\/wp-json\/wp\/v2\/types\/post"}],"author":[{"embeddable":true,"href":"https:\/\/portalr3.online\/index.php\/wp-json\/wp\/v2\/users\/1"}],"replies":[{"embeddable":true,"href":"https:\/\/portalr3.online\/index.php\/wp-json\/wp\/v2\/comments?post=6770"}],"version-history":[{"count":0,"href":"https:\/\/portalr3.online\/index.php\/wp-json\/wp\/v2\/posts\/6770\/revisions"}],"wp:featuredmedia":[{"embeddable":true,"href":"https:\/\/portalr3.online\/index.php\/wp-json\/wp\/v2\/media\/6771"}],"wp:attachment":[{"href":"https:\/\/portalr3.online\/index.php\/wp-json\/wp\/v2\/media?parent=6770"}],"wp:term":[{"taxonomy":"category","embeddable":true,"href":"https:\/\/portalr3.online\/index.php\/wp-json\/wp\/v2\/categories?post=6770"},{"taxonomy":"post_tag","embeddable":true,"href":"https:\/\/portalr3.online\/index.php\/wp-json\/wp\/v2\/tags?post=6770"}],"curies":[{"name":"wp","href":"https:\/\/api.w.org\/{rel}","templated":true}]}}