{"id":6757,"date":"2021-05-11T16:38:53","date_gmt":"2021-05-11T19:38:53","guid":{"rendered":"https:\/\/portalnarede.com.br\/?p=6757"},"modified":"2021-05-11T16:38:53","modified_gmt":"2021-05-11T19:38:53","slug":"apresentador-andre-marinho-e-tome-abduch-trocam-socos-no-panico","status":"publish","type":"post","link":"https:\/\/portalr3.online\/index.php\/2021\/05\/11\/apresentador-andre-marinho-e-tome-abduch-trocam-socos-no-panico\/","title":{"rendered":"Apresentador Andr\u00e9 Marinho e Tom\u00e9 Abduch trocam socos no &#8216;P\u00e2nico&#8217;"},"content":{"rendered":"\n<p><\/p>\n\n\n\n<p>Com informa\u00e7\u00f5es: UOL \/ Foto: Reprodu\u00e7\u00e3o YouTube<\/p>\n\n\n\n<p>O apresentador Andr\u00e9 Marinho e o comentarista e integrante do movimento &#8220;Nas Ruas&#8221; Tom\u00e9 Abduch trocaram socos ao vivo durante o programa &#8220;P\u00e2nico&#8221;, da Jovem Pan.<\/p>\n\n\n\n<p>A discuss\u00e3o evoluiu para as agress\u00f5es devido a posicionamentos pol\u00edticos. Tom\u00e9 era o convidado do programa de hoje. Ele j\u00e1 fez debates na CNN no &#8220;Grande Debate&#8221;, no ano passado \u2014 ele chegou a viralizar por fazer uso do manterrupting com Gabriela Prioli.<\/p>\n\n\n\n<p>&#8220;<strong>Eu apoiei o presidente Jair Bolsonaro, siga o teu caminho. A\u00ed colocam l\u00e1 e vem um babaca aqui.<\/strong>&#8220;<\/p>\n\n\n\n<p>Enquanto isso, Andr\u00e9 chamou Tom\u00e9 de &#8220;chor\u00e3o&#8221; e que ele chorava por pol\u00edtico.<\/p>\n\n\n\n<p>Antes, Tom\u00e9 disse que queria se defender de coment\u00e1rios feitos por Andr\u00e9 em outras participa\u00e7\u00f5es no &#8220;P\u00e2nico\u201d.<\/p>\n\n\n\n<p>O comentarista disse que, em 2018, procurou uma casa nova nos Jardins, em S\u00e3o Paulo, atrav\u00e9s de uma imobili\u00e1ria. Ele alugou o im\u00f3vel e fez uma reforma, antes das elei\u00e7\u00f5es. Ele disse que, por acaso, a casa fazia parte de uma das empresas de Jo\u00e3o Doria.<\/p>\n\n\n\n<p><strong>&#8220;Um homem que tenho como mal pol\u00edtico, est\u00e1 destruindo o estado de S\u00e3o Paulo e tenho hombridade para falar mal dele. E tem algumas pessoas irrespons\u00e1veis que est\u00e3o colocando na m\u00eddia meu endere\u00e7o, tentando tirar minha credibilidade em cima disso.&#8221;<\/strong><\/p>\n\n\n\n<p>Andr\u00e9 respondeu:<\/p>\n\n\n\n<p><strong>&#8220;Voc\u00ea \u00e9 o maior cr\u00edtico do cara e usa e desfruta e se lambuza do conforto da casa dele.&#8221;<\/strong><\/p>\n\n\n\n<p>A discuss\u00e3o generalizada continuou com Tom\u00e9 fazendo acusa\u00e7\u00f5es sobre o pai de Andr\u00e9 Marinho \u2014 o empres\u00e1rio Paulo Marinho, ex-PSL e atualmente presidente do PSDB no Rio \u2014 e dizendo que Andr\u00e9 &#8220;traiu o presidente Jair Bolsonaro (sem partido) e o chamou de &#8220;moleque que n\u00e3o vale a cueca que veste&#8221;.<\/p>\n\n\n\n<p>Andr\u00e9 disse que Tom\u00e9 n\u00e3o tem mais credibilidade pol\u00edtica e que ele era uma fraude.<\/p>\n\n\n\n<p><strong>&#8220;A todos os integrantes do &#8216;Nas Ruas&#8217;: voc\u00eas est\u00e3o sendo usados, ludibriados e manipulados por um sujeito sem credibilidade nenhuma, que fica deslumbrado com a pr\u00f3pria irrelev\u00e2ncia&#8221;<\/strong><\/p>\n\n\n\n<p>Tom\u00e9 rebateu dizendo que as pessoas conhecem ele e seu trabalho. Os dois falaram sobre a deputada federal Joice Hasselmann (PSL-SP) e o presidente da C\u00e2mara dos Deputados, Arthur Lira (Progressistas-AL).<\/p>\n\n\n\n<p><strong>&#8220;Eu apoiei o Lira nas elei\u00e7\u00f5es porque homem tem que tomar lado. No momento que tem que tomar decis\u00e3o, poucos homens tomam, alguns ficam em cima do muro tacando pedra em todo mundo, que \u00e9 teu lado de fraldinha. Cometi o erro de ir na festa de comemora\u00e7\u00e3o do Lira, estava feliz porque o Lira se comprometeu em passar as reformas e sem ela, esse pa\u00eds n\u00e3o vai dar certo. Passa a Joice e diz que estava apoiando o lado errado, que o presidente era aquilo. Eu disse: &#8216;Joyce, voc\u00ea escolheu seu lado, voc\u00ea ter\u00e1 seu b\u00f4nus e seu \u00f4nus&#8217;.&#8221;<\/strong><\/p>\n\n\n\n<p>A deputada participou da festa comemorativa de Lira, em fevereiro. A comemora\u00e7\u00e3o tinha cerca de 300 pessoas em uma casa do Lago Sul, em Bras\u00edlia.<\/p>\n\n\n\n<p>O apresentador Emilio Surita pediu calma, enquanto os dois eram separados pela equipe. Em seguida, ele chamou um intervalo comercial.<\/p>\n\n\n\n<p>&#8220;Eu fico triste de uma discuss\u00e3o bacana ir para o lado pessoal. N\u00e3o era nosso objetivo, mas voc\u00ea sabe como funciona neste momento quente de pol\u00edtica. Pe\u00e7o desculpas se a gente passou do ponto&#8221;, lamentou o apresentador ao encerrar o programa.<\/p>\n","protected":false},"excerpt":{"rendered":"<p>Com informa\u00e7\u00f5es: UOL \/ Foto: Reprodu\u00e7\u00e3o YouTube O apresentador Andr\u00e9 Marinho e o comentarista e integrante do movimento &#8220;Nas Ruas&#8221;<\/p>\n","protected":false},"author":1,"featured_media":6758,"comment_status":"open","ping_status":"open","sticky":false,"template":"","format":"standard","meta":{"colormag_page_container_layout":"default_layout","colormag_page_sidebar_layout":"default_layout","footnotes":""},"categories":[129],"tags":[462,463,464,465,466,467],"class_list":["post-6757","post","type-post","status-publish","format-standard","has-post-thumbnail","hentry","category-estilo","tag-andre-marinho","tag-ao-vivo","tag-briga","tag-panico","tag-socos","tag-tome-abduch"],"aioseo_notices":[],"_links":{"self":[{"href":"https:\/\/portalr3.online\/index.php\/wp-json\/wp\/v2\/posts\/6757","targetHints":{"allow":["GET"]}}],"collection":[{"href":"https:\/\/portalr3.online\/index.php\/wp-json\/wp\/v2\/posts"}],"about":[{"href":"https:\/\/portalr3.online\/index.php\/wp-json\/wp\/v2\/types\/post"}],"author":[{"embeddable":true,"href":"https:\/\/portalr3.online\/index.php\/wp-json\/wp\/v2\/users\/1"}],"replies":[{"embeddable":true,"href":"https:\/\/portalr3.online\/index.php\/wp-json\/wp\/v2\/comments?post=6757"}],"version-history":[{"count":0,"href":"https:\/\/portalr3.online\/index.php\/wp-json\/wp\/v2\/posts\/6757\/revisions"}],"wp:featuredmedia":[{"embeddable":true,"href":"https:\/\/portalr3.online\/index.php\/wp-json\/wp\/v2\/media\/6758"}],"wp:attachment":[{"href":"https:\/\/portalr3.online\/index.php\/wp-json\/wp\/v2\/media?parent=6757"}],"wp:term":[{"taxonomy":"category","embeddable":true,"href":"https:\/\/portalr3.online\/index.php\/wp-json\/wp\/v2\/categories?post=6757"},{"taxonomy":"post_tag","embeddable":true,"href":"https:\/\/portalr3.online\/index.php\/wp-json\/wp\/v2\/tags?post=6757"}],"curies":[{"name":"wp","href":"https:\/\/api.w.org\/{rel}","templated":true}]}}