{"id":6713,"date":"2021-05-11T12:05:43","date_gmt":"2021-05-11T15:05:43","guid":{"rendered":"https:\/\/portalnarede.com.br\/?p=6713"},"modified":"2021-05-11T12:05:43","modified_gmt":"2021-05-11T15:05:43","slug":"predio-comercial-e-arrombado-e-seis-salas-incluindo-sede-do-na-rede-sao-furtadas-durante-a-madrugada-no-centro-de-maceio","status":"publish","type":"post","link":"https:\/\/portalr3.online\/index.php\/2021\/05\/11\/predio-comercial-e-arrombado-e-seis-salas-incluindo-sede-do-na-rede-sao-furtadas-durante-a-madrugada-no-centro-de-maceio\/","title":{"rendered":"Pr\u00e9dio comercial \u00e9 arrombado e seis salas, incluindo sede do Na Rede, s\u00e3o furtadas durante a madrugada no Centro de Macei\u00f3"},"content":{"rendered":"\n<p>Um pr\u00e9dio comercial, localizado na Rua Bar\u00e3o de Anadia, no Centro de Macei\u00f3, foi arrombado durante a madrugada desta ter\u00e7a-feira (11). Seis salas foram invadidas e tiveram equipamentos levados na a\u00e7\u00e3o criminosa, tr\u00eas delas onde funciona a sede do Na Rede. Este foi o quarto arrombamento em estabelecimentos pr\u00f3ximos registrado nos \u00faltimos dias. C\u00e2meras do circuito de videomonitoramento de empresas vizinhas podem ajudar na identifica\u00e7\u00e3o da autoria do crime. <\/p>\n\n\n\n<figure class=\"wp-block-image size-large\"><img loading=\"lazy\" decoding=\"async\" width=\"461\" height=\"1024\" src=\"https:\/\/portalnarede.com.br\/wp-content\/uploads\/2021\/05\/WhatsApp-Image-2021-05-11-at-07.58.11-461x1024.jpeg\" alt=\"\" class=\"wp-image-6715\" srcset=\"https:\/\/portalr3.online\/wp-content\/uploads\/2021\/05\/WhatsApp-Image-2021-05-11-at-07.58.11-461x1024.jpeg 461w, https:\/\/portalr3.online\/wp-content\/uploads\/2021\/05\/WhatsApp-Image-2021-05-11-at-07.58.11-135x300.jpeg 135w, https:\/\/portalr3.online\/wp-content\/uploads\/2021\/05\/WhatsApp-Image-2021-05-11-at-07.58.11.jpeg 576w\" sizes=\"auto, (max-width: 461px) 100vw, 461px\" \/><\/figure>\n\n\n\n<p>O arrombamento foi constatado quando primeiro funcion\u00e1rio chegou ao local. A porta de entrada do pr\u00e9dio foi arrombada e retorcida para que o criminoso ou os criminosos entrassem no local. Salas no t\u00e9rreo e no primeiro andar foram invadidas e tiveram equipamentos levados. Os propriet\u00e1rios foram acionados para fazerem os levantamentos do que foi furtado. <\/p>\n\n\n\n<p>Na sede do Na Rede, a reda\u00e7\u00e3o e o est\u00fadio foram invadidos. Portas foram danificadas e equipamentos utilizados na transmiss\u00e3o levados. <\/p>\n\n\n\n<figure class=\"wp-block-image size-large\"><img loading=\"lazy\" decoding=\"async\" width=\"576\" height=\"1024\" src=\"https:\/\/portalnarede.com.br\/wp-content\/uploads\/2021\/05\/WhatsApp-Image-2021-05-11-at-10.55.05-576x1024.jpeg\" alt=\"\" class=\"wp-image-6716\" srcset=\"https:\/\/portalr3.online\/wp-content\/uploads\/2021\/05\/WhatsApp-Image-2021-05-11-at-10.55.05-576x1024.jpeg 576w, https:\/\/portalr3.online\/wp-content\/uploads\/2021\/05\/WhatsApp-Image-2021-05-11-at-10.55.05-169x300.jpeg 169w, https:\/\/portalr3.online\/wp-content\/uploads\/2021\/05\/WhatsApp-Image-2021-05-11-at-10.55.05.jpeg 720w\" sizes=\"auto, (max-width: 576px) 100vw, 576px\" \/><\/figure>\n\n\n\n<p>A pol\u00edcia foi acionada e esteve no local ainda durante a manh\u00e3 para a realiza\u00e7\u00e3o dos primeiros procedimentos investigativos. <\/p>\n\n\n\n<p>Na \u00faltima semana, este foi o quarto registro de arrombamentos na regi\u00e3o. Dois restaurantes e uma loja de inform\u00e1tica est\u00e3o entre as ocorr\u00eancias mais recentes. <\/p>\n\n\n\n<figure class=\"wp-block-image size-large\"><img loading=\"lazy\" decoding=\"async\" width=\"461\" height=\"1024\" src=\"https:\/\/portalnarede.com.br\/wp-content\/uploads\/2021\/05\/WhatsApp-Image-2021-05-11-at-11.31.41-461x1024.jpeg\" alt=\"\" class=\"wp-image-6717\" srcset=\"https:\/\/portalr3.online\/wp-content\/uploads\/2021\/05\/WhatsApp-Image-2021-05-11-at-11.31.41-461x1024.jpeg 461w, https:\/\/portalr3.online\/wp-content\/uploads\/2021\/05\/WhatsApp-Image-2021-05-11-at-11.31.41-135x300.jpeg 135w, https:\/\/portalr3.online\/wp-content\/uploads\/2021\/05\/WhatsApp-Image-2021-05-11-at-11.31.41-691x1536.jpeg 691w, https:\/\/portalr3.online\/wp-content\/uploads\/2021\/05\/WhatsApp-Image-2021-05-11-at-11.31.41.jpeg 720w\" sizes=\"auto, (max-width: 461px) 100vw, 461px\" \/><\/figure>\n\n\n\n<figure class=\"wp-block-image size-large\"><img loading=\"lazy\" decoding=\"async\" width=\"461\" height=\"1024\" src=\"https:\/\/portalnarede.com.br\/wp-content\/uploads\/2021\/05\/WhatsApp-Image-2021-05-11-at-11.31.42-461x1024.jpeg\" alt=\"\" class=\"wp-image-6718\" srcset=\"https:\/\/portalr3.online\/wp-content\/uploads\/2021\/05\/WhatsApp-Image-2021-05-11-at-11.31.42-461x1024.jpeg 461w, https:\/\/portalr3.online\/wp-content\/uploads\/2021\/05\/WhatsApp-Image-2021-05-11-at-11.31.42-135x300.jpeg 135w, https:\/\/portalr3.online\/wp-content\/uploads\/2021\/05\/WhatsApp-Image-2021-05-11-at-11.31.42-691x1536.jpeg 691w, https:\/\/portalr3.online\/wp-content\/uploads\/2021\/05\/WhatsApp-Image-2021-05-11-at-11.31.42.jpeg 720w\" sizes=\"auto, (max-width: 461px) 100vw, 461px\" \/><\/figure>\n\n\n\n<figure class=\"wp-block-image size-large\"><img loading=\"lazy\" decoding=\"async\" width=\"576\" height=\"1024\" src=\"https:\/\/portalnarede.com.br\/wp-content\/uploads\/2021\/05\/WhatsApp-Image-2021-05-11-at-10.55.21-576x1024.jpeg\" alt=\"\" class=\"wp-image-6719\" srcset=\"https:\/\/portalr3.online\/wp-content\/uploads\/2021\/05\/WhatsApp-Image-2021-05-11-at-10.55.21-576x1024.jpeg 576w, https:\/\/portalr3.online\/wp-content\/uploads\/2021\/05\/WhatsApp-Image-2021-05-11-at-10.55.21-169x300.jpeg 169w, https:\/\/portalr3.online\/wp-content\/uploads\/2021\/05\/WhatsApp-Image-2021-05-11-at-10.55.21.jpeg 720w\" sizes=\"auto, (max-width: 576px) 100vw, 576px\" \/><\/figure>\n","protected":false},"excerpt":{"rendered":"<p>Um pr\u00e9dio comercial, localizado na Rua Bar\u00e3o de Anadia, no Centro de Macei\u00f3, foi arrombado durante a madrugada desta ter\u00e7a-feira<\/p>\n","protected":false},"author":1,"featured_media":6714,"comment_status":"open","ping_status":"open","sticky":false,"template":"","format":"standard","meta":{"colormag_page_container_layout":"default_layout","colormag_page_sidebar_layout":"default_layout","footnotes":""},"categories":[10],"tags":[446,344,447,448,449],"class_list":["post-6713","post","type-post","status-publish","format-standard","has-post-thumbnail","hentry","category-noticias","tag-arrombamento","tag-centro","tag-furto","tag-na-rede","tag-predio-comercial"],"aioseo_notices":[],"_links":{"self":[{"href":"https:\/\/portalr3.online\/index.php\/wp-json\/wp\/v2\/posts\/6713","targetHints":{"allow":["GET"]}}],"collection":[{"href":"https:\/\/portalr3.online\/index.php\/wp-json\/wp\/v2\/posts"}],"about":[{"href":"https:\/\/portalr3.online\/index.php\/wp-json\/wp\/v2\/types\/post"}],"author":[{"embeddable":true,"href":"https:\/\/portalr3.online\/index.php\/wp-json\/wp\/v2\/users\/1"}],"replies":[{"embeddable":true,"href":"https:\/\/portalr3.online\/index.php\/wp-json\/wp\/v2\/comments?post=6713"}],"version-history":[{"count":0,"href":"https:\/\/portalr3.online\/index.php\/wp-json\/wp\/v2\/posts\/6713\/revisions"}],"wp:featuredmedia":[{"embeddable":true,"href":"https:\/\/portalr3.online\/index.php\/wp-json\/wp\/v2\/media\/6714"}],"wp:attachment":[{"href":"https:\/\/portalr3.online\/index.php\/wp-json\/wp\/v2\/media?parent=6713"}],"wp:term":[{"taxonomy":"category","embeddable":true,"href":"https:\/\/portalr3.online\/index.php\/wp-json\/wp\/v2\/categories?post=6713"},{"taxonomy":"post_tag","embeddable":true,"href":"https:\/\/portalr3.online\/index.php\/wp-json\/wp\/v2\/tags?post=6713"}],"curies":[{"name":"wp","href":"https:\/\/api.w.org\/{rel}","templated":true}]}}