{"id":6710,"date":"2021-05-11T10:58:12","date_gmt":"2021-05-11T13:58:12","guid":{"rendered":"https:\/\/portalnarede.com.br\/?p=6710"},"modified":"2021-05-11T10:58:12","modified_gmt":"2021-05-11T13:58:12","slug":"jhc-anuncia-ampliacao-da-imunizacao-contra-a-covid-19-para-outros-grupos-ja-nesta-terca-feira-saiba-quais","status":"publish","type":"post","link":"https:\/\/portalr3.online\/index.php\/2021\/05\/11\/jhc-anuncia-ampliacao-da-imunizacao-contra-a-covid-19-para-outros-grupos-ja-nesta-terca-feira-saiba-quais\/","title":{"rendered":"JHC anuncia amplia\u00e7\u00e3o da imuniza\u00e7\u00e3o contra a Covid-19 para outros grupos j\u00e1 nesta ter\u00e7a-feira; saiba quais"},"content":{"rendered":"\n<p>*Jo\u00e3o Pedro Magnani &#8211; estagi\u00e1rio sob supervis\u00e3o<\/p>\n\n\n\n<p>O prefeito de Macei\u00f3, JHC anunciou, na manh\u00e3 desta ter\u00e7a-feira (11), a entrada de novos grupos no programa de imuniza\u00e7\u00e3o contra a Covid-19. Segundo o comunicado, publicado via rede social, hoje, as pessoas com defici\u00eancia permanente com 40 anos ou mais j\u00e1 podem receber a primeira dose da vacina.<\/p>\n\n\n\n<p>Al\u00e9m disto, no mesmo comunicado, o prefeito da capital alagoana informou que, nessa quarta-feira (12), trabalhadores da educa\u00e7\u00e3o b\u00e1sica a partir dos 55 anos poder\u00e3o iniciar a imuniza\u00e7\u00e3o.<\/p>\n\n\n\n<p>Confira a publica\u00e7\u00e3o:<\/p>\n\n\n\n<figure class=\"wp-block-image size-large\"><img loading=\"lazy\" decoding=\"async\" width=\"442\" height=\"495\" src=\"https:\/\/portalnarede.com.br\/wp-content\/uploads\/2021\/05\/image.png\" alt=\"\" class=\"wp-image-6711\" srcset=\"https:\/\/portalr3.online\/wp-content\/uploads\/2021\/05\/image.png 442w, https:\/\/portalr3.online\/wp-content\/uploads\/2021\/05\/image-268x300.png 268w\" sizes=\"auto, (max-width: 442px) 100vw, 442px\" \/><\/figure>\n\n\n\n<p>Para a imuniza\u00e7\u00e3o, o indiv\u00edduo deve comparecer a um dos oito pontos de vacina\u00e7\u00e3o portando: documento com foto e CPF; comprovante de resid\u00eancia (com c\u00f3pia) e os documentos que comprovem a defici\u00eancia.<\/p>\n\n\n\n<p>De acordo com o site Vacina Macei\u00f3, at\u00e9 o momento, 275.915 vacinas foram aplicadas.<\/p>\n","protected":false},"excerpt":{"rendered":"<p>*Jo\u00e3o Pedro Magnani &#8211; estagi\u00e1rio sob supervis\u00e3o O prefeito de Macei\u00f3, JHC anunciou, na manh\u00e3 desta ter\u00e7a-feira (11), a entrada<\/p>\n","protected":false},"author":1,"featured_media":2770,"comment_status":"open","ping_status":"open","sticky":false,"template":"","format":"standard","meta":{"colormag_page_container_layout":"default_layout","colormag_page_sidebar_layout":"default_layout","footnotes":""},"categories":[10],"tags":[82,267,140],"class_list":["post-6710","post","type-post","status-publish","format-standard","has-post-thumbnail","hentry","category-noticias","tag-covid-19","tag-imunizacao","tag-jhc"],"aioseo_notices":[],"_links":{"self":[{"href":"https:\/\/portalr3.online\/index.php\/wp-json\/wp\/v2\/posts\/6710","targetHints":{"allow":["GET"]}}],"collection":[{"href":"https:\/\/portalr3.online\/index.php\/wp-json\/wp\/v2\/posts"}],"about":[{"href":"https:\/\/portalr3.online\/index.php\/wp-json\/wp\/v2\/types\/post"}],"author":[{"embeddable":true,"href":"https:\/\/portalr3.online\/index.php\/wp-json\/wp\/v2\/users\/1"}],"replies":[{"embeddable":true,"href":"https:\/\/portalr3.online\/index.php\/wp-json\/wp\/v2\/comments?post=6710"}],"version-history":[{"count":0,"href":"https:\/\/portalr3.online\/index.php\/wp-json\/wp\/v2\/posts\/6710\/revisions"}],"wp:featuredmedia":[{"embeddable":true,"href":"https:\/\/portalr3.online\/index.php\/wp-json\/"}],"wp:attachment":[{"href":"https:\/\/portalr3.online\/index.php\/wp-json\/wp\/v2\/media?parent=6710"}],"wp:term":[{"taxonomy":"category","embeddable":true,"href":"https:\/\/portalr3.online\/index.php\/wp-json\/wp\/v2\/categories?post=6710"},{"taxonomy":"post_tag","embeddable":true,"href":"https:\/\/portalr3.online\/index.php\/wp-json\/wp\/v2\/tags?post=6710"}],"curies":[{"name":"wp","href":"https:\/\/api.w.org\/{rel}","templated":true}]}}