{"id":671,"date":"2021-04-21T14:33:13","date_gmt":"2021-04-21T17:33:13","guid":{"rendered":"https:\/\/redacaolivre.com\/?p=671"},"modified":"2021-04-21T14:33:13","modified_gmt":"2021-04-21T17:33:13","slug":"caso-henry-monique-tem-5-do-pulmao-comprometidos-por-covid-19-e-segue-isolada","status":"publish","type":"post","link":"https:\/\/portalr3.online\/index.php\/2021\/04\/21\/caso-henry-monique-tem-5-do-pulmao-comprometidos-por-covid-19-e-segue-isolada\/","title":{"rendered":"Caso Henry: Monique tem 5% do pulm\u00e3o comprometidos por Covid-19 e segue isolada"},"content":{"rendered":"\n<p>RIO &#8211; Diagnosticada com Covid-19 na \u00faltima segunda-feira, Monique Medeiros da Costa e Silva, m\u00e3e do menino Henry Borel, de 4 anos, segue isolada Hospital Penitenci\u00e1rio Hamilton Agostinho, no Complexo Penitenci\u00e1rio de&nbsp;Gericin\u00f3, em Bangu, na Zona Oeste do Rio. De acordo com o laudo da tomografia computadorizada realizada por ela no Hospital Municipal Albert Schweitzer, em Realengo, ao qual o GLOBO teve acesso exclusivo, 5% dos pulm\u00f5es dela est\u00e3o comprometidos pela doen\u00e7a.<\/p>\n\n\n\n<p>&#8220;A extens\u00e3o do acometimento do par\u00eanquima pulmonar \u00e9 de 5%&#8221;, diz trecho do laudo, que relata ainda que a \u00e1rea afetada \u00e9 a o lobo inferior esquerdo do pulm\u00e3o.<\/p>\n\n\n\n<p>Apesar disso, de acordo com informa\u00e7\u00f5es da Secretaria de Administra\u00e7\u00e3o Penitenci\u00e1ria (Seap), ela passa bem:<\/p>\n\n\n\n<p><strong>Pedido de novo depoimento:<\/strong>\u00a0\u00a0M\u00e3e de Henry sofria rotina de agress\u00f5es e j\u00e1 foi enforcada por Dr. Jairinho, diz defesa<\/p>\n\n\n\n<figure class=\"wp-block-image\"><img decoding=\"async\" src=\"https:\/\/ogimg.infoglobo.com.br\/in\/24981203-401-be5\/FT1086A\/xWhatsApp-Image-2021-04-21-at-09.31.20.jpeg.jpg.pagespeed.ic.e7jXMCc5Cv.jpg\" alt=\"Laudo da tomografia realizada por Monique Foto: Reprodu\u00e7\u00e3o\"\/><figcaption>Laudo da tomografia realizada por Monique Foto: Reprodu\u00e7\u00e3o<\/figcaption><\/figure>\n\n\n\n<p>&#8221; A interna Monique Medeiros foi encaminhada, nessa ter\u00e7a-feira ao Hospital Municipal Albert Schweitzer, em Realengo, por recomenda\u00e7\u00e3o m\u00e9dica, para a realiza\u00e7\u00e3o de exame de tomografia, ap\u00f3s diagn\u00f3stico positivo para Covid-19. A mesma passa bem e j\u00e1 retornou ao Hospital Penitenci\u00e1rio Hamilton Agostinho, no Complexo de Gericin\u00f3, onde continuar\u00e1 isolada e recebendo o acompanhamento m\u00e9dico devido&#8221;, afirma a nota da Seap.<\/p>\n","protected":false},"excerpt":{"rendered":"<p>RIO &#8211; Diagnosticada com Covid-19 na \u00faltima segunda-feira, Monique Medeiros da Costa e Silva, m\u00e3e do menino Henry Borel, de<\/p>\n","protected":false},"author":1,"featured_media":672,"comment_status":"closed","ping_status":"closed","sticky":false,"template":"","format":"standard","meta":{"colormag_page_container_layout":"default_layout","colormag_page_sidebar_layout":"default_layout","footnotes":""},"categories":[24],"tags":[],"class_list":["post-671","post","type-post","status-publish","format-standard","has-post-thumbnail","hentry","category-crimes"],"aioseo_notices":[],"_links":{"self":[{"href":"https:\/\/portalr3.online\/index.php\/wp-json\/wp\/v2\/posts\/671","targetHints":{"allow":["GET"]}}],"collection":[{"href":"https:\/\/portalr3.online\/index.php\/wp-json\/wp\/v2\/posts"}],"about":[{"href":"https:\/\/portalr3.online\/index.php\/wp-json\/wp\/v2\/types\/post"}],"author":[{"embeddable":true,"href":"https:\/\/portalr3.online\/index.php\/wp-json\/wp\/v2\/users\/1"}],"replies":[{"embeddable":true,"href":"https:\/\/portalr3.online\/index.php\/wp-json\/wp\/v2\/comments?post=671"}],"version-history":[{"count":0,"href":"https:\/\/portalr3.online\/index.php\/wp-json\/wp\/v2\/posts\/671\/revisions"}],"wp:featuredmedia":[{"embeddable":true,"href":"https:\/\/portalr3.online\/index.php\/wp-json\/wp\/v2\/media\/672"}],"wp:attachment":[{"href":"https:\/\/portalr3.online\/index.php\/wp-json\/wp\/v2\/media?parent=671"}],"wp:term":[{"taxonomy":"category","embeddable":true,"href":"https:\/\/portalr3.online\/index.php\/wp-json\/wp\/v2\/categories?post=671"},{"taxonomy":"post_tag","embeddable":true,"href":"https:\/\/portalr3.online\/index.php\/wp-json\/wp\/v2\/tags?post=671"}],"curies":[{"name":"wp","href":"https:\/\/api.w.org\/{rel}","templated":true}]}}