{"id":6697,"date":"2021-05-10T17:05:56","date_gmt":"2021-05-10T20:05:56","guid":{"rendered":"https:\/\/portalnarede.com.br\/?p=6697"},"modified":"2021-05-10T17:05:56","modified_gmt":"2021-05-10T20:05:56","slug":"limoeiro-de-anadia-mulher-morre-carbonizada-durante-incendio-em-residencia","status":"publish","type":"post","link":"https:\/\/portalr3.online\/index.php\/2021\/05\/10\/limoeiro-de-anadia-mulher-morre-carbonizada-durante-incendio-em-residencia\/","title":{"rendered":"Limoeiro de Anadia: mulher morre carbonizada durante inc\u00eandio em resid\u00eancia"},"content":{"rendered":"\n<p>Testemunhas afirmam que o fogo foi causado pela pr\u00f3pria v\u00edtima<\/p>\n\n\n\n<p>*Gabriel Teixeira &#8211; estagi\u00e1rio sob supervis\u00e3o<br>*Imagem: assessoria<\/p>\n\n\n\n<p>Uma mulher morreu carbonizada, nesta segunda-feira (10), ap\u00f3s um inc\u00eandio em uma resid\u00eancia situada no S\u00edtio Ch\u00e3 do Miranda, no munic\u00edpio de Limoeiro de Anadia, interior de Alagoas.<\/p>\n\n\n\n<p>O Corpo de Bombeiros foi acionado e enviou quatro viaturas para a ocorr\u00eancia. Ao chegar do local, o fogo j\u00e1 havia sido controlado por populares, com ajuda de um caminh\u00e3o-pipa da comunidade.<\/p>\n\n\n\n<p>Segundo as pessoas que estavam no local da ocorr\u00eancia, o fogo que destruiu a resid\u00eancia teria sido provocado pela pr\u00f3pria v\u00edtima.<\/p>\n\n\n\n<p>A Pol\u00edcia Militar tamb\u00e9m compareceu ao local.<\/p>\n","protected":false},"excerpt":{"rendered":"<p>Testemunhas afirmam que o fogo foi causado pela pr\u00f3pria v\u00edtima *Gabriel Teixeira &#8211; estagi\u00e1rio sob supervis\u00e3o*Imagem: assessoria Uma mulher morreu<\/p>\n","protected":false},"author":1,"featured_media":6698,"comment_status":"open","ping_status":"open","sticky":false,"template":"","format":"standard","meta":{"colormag_page_container_layout":"default_layout","colormag_page_sidebar_layout":"default_layout","footnotes":""},"categories":[22],"tags":[440,189,441],"class_list":["post-6697","post","type-post","status-publish","format-standard","has-post-thumbnail","hentry","category-cidades","tag-bombeiros","tag-incendio","tag-limoeiro"],"aioseo_notices":[],"_links":{"self":[{"href":"https:\/\/portalr3.online\/index.php\/wp-json\/wp\/v2\/posts\/6697","targetHints":{"allow":["GET"]}}],"collection":[{"href":"https:\/\/portalr3.online\/index.php\/wp-json\/wp\/v2\/posts"}],"about":[{"href":"https:\/\/portalr3.online\/index.php\/wp-json\/wp\/v2\/types\/post"}],"author":[{"embeddable":true,"href":"https:\/\/portalr3.online\/index.php\/wp-json\/wp\/v2\/users\/1"}],"replies":[{"embeddable":true,"href":"https:\/\/portalr3.online\/index.php\/wp-json\/wp\/v2\/comments?post=6697"}],"version-history":[{"count":0,"href":"https:\/\/portalr3.online\/index.php\/wp-json\/wp\/v2\/posts\/6697\/revisions"}],"wp:featuredmedia":[{"embeddable":true,"href":"https:\/\/portalr3.online\/index.php\/wp-json\/wp\/v2\/media\/6698"}],"wp:attachment":[{"href":"https:\/\/portalr3.online\/index.php\/wp-json\/wp\/v2\/media?parent=6697"}],"wp:term":[{"taxonomy":"category","embeddable":true,"href":"https:\/\/portalr3.online\/index.php\/wp-json\/wp\/v2\/categories?post=6697"},{"taxonomy":"post_tag","embeddable":true,"href":"https:\/\/portalr3.online\/index.php\/wp-json\/wp\/v2\/tags?post=6697"}],"curies":[{"name":"wp","href":"https:\/\/api.w.org\/{rel}","templated":true}]}}