{"id":6674,"date":"2021-05-10T12:20:23","date_gmt":"2021-05-10T15:20:23","guid":{"rendered":"https:\/\/portalnarede.com.br\/?p=6674"},"modified":"2021-05-10T12:20:23","modified_gmt":"2021-05-10T15:20:23","slug":"carreta-tomba-e-incendeia-em-trecho-da-br-101-na-manha-desta-segunda-feira","status":"publish","type":"post","link":"https:\/\/portalr3.online\/index.php\/2021\/05\/10\/carreta-tomba-e-incendeia-em-trecho-da-br-101-na-manha-desta-segunda-feira\/","title":{"rendered":"Jequi\u00e1 da Praia: Carreta pega fogo ap\u00f3s tombar e casal morre carbonizado; acidente ocorreu na BR-101"},"content":{"rendered":"\n<p><em>Imagem: <\/em>PRF<\/p>\n\n\n\n<p><em>*Jo\u00e3o Pedro Magnani &#8211; estagi\u00e1rio sob supervis\u00e3o <\/em><\/p>\n\n\n\n<p>Um acidente envolvendo uma carreta ocorreu na manh\u00e3 desta segunda-feira (10). Segundo informa\u00e7\u00f5es repassadas \u00e0 imprensa, o ve\u00edculo tombou e saiu da pista no Km 149 da BR-101, localizado no munic\u00edpio de Jequi\u00e1 da Praia. O ve\u00edculo pegou fogo e os ocupantes, um casal, morreram carbonizados.<\/p>\n\n\n\n<p>Segundo informa\u00e7\u00f5es da Pol\u00edcia Rodovi\u00e1ria Federal (PRF), equipes do Corpo de Bombeiros e Servi\u00e7o de Atendimento M\u00f3vel de Urg\u00eancia (Samu) foram acionadas para o resgate das v\u00edtimas, mas como o ve\u00edculo pegou fogo ap\u00f3s o tombamento o casal acabou morrendo carbonizado.<\/p>\n\n\n\n<p>Ainda de acordo com a PRF, uma das faixas da via precisou ser interditada para os trabalhos de combate ao inc\u00eandio e resgate das v\u00edtimas.<\/p>\n\n\n\n<p><\/p>\n\n\n\n<p><strong><em>*Atualizada \u00e0s 16h42<\/em><\/strong><\/p>\n","protected":false},"excerpt":{"rendered":"<p>Imagem: PRF *Jo\u00e3o Pedro Magnani &#8211; estagi\u00e1rio sob supervis\u00e3o Um acidente envolvendo uma carreta ocorreu na manh\u00e3 desta segunda-feira (10).<\/p>\n","protected":false},"author":1,"featured_media":6694,"comment_status":"open","ping_status":"open","sticky":false,"template":"","format":"standard","meta":{"colormag_page_container_layout":"default_layout","colormag_page_sidebar_layout":"default_layout","footnotes":""},"categories":[22],"tags":[53,161,434,435],"class_list":["post-6674","post","type-post","status-publish","format-standard","has-post-thumbnail","hentry","category-cidades","tag-acidente","tag-br-101","tag-carreta","tag-samu"],"aioseo_notices":[],"_links":{"self":[{"href":"https:\/\/portalr3.online\/index.php\/wp-json\/wp\/v2\/posts\/6674","targetHints":{"allow":["GET"]}}],"collection":[{"href":"https:\/\/portalr3.online\/index.php\/wp-json\/wp\/v2\/posts"}],"about":[{"href":"https:\/\/portalr3.online\/index.php\/wp-json\/wp\/v2\/types\/post"}],"author":[{"embeddable":true,"href":"https:\/\/portalr3.online\/index.php\/wp-json\/wp\/v2\/users\/1"}],"replies":[{"embeddable":true,"href":"https:\/\/portalr3.online\/index.php\/wp-json\/wp\/v2\/comments?post=6674"}],"version-history":[{"count":0,"href":"https:\/\/portalr3.online\/index.php\/wp-json\/wp\/v2\/posts\/6674\/revisions"}],"wp:featuredmedia":[{"embeddable":true,"href":"https:\/\/portalr3.online\/index.php\/wp-json\/wp\/v2\/media\/6694"}],"wp:attachment":[{"href":"https:\/\/portalr3.online\/index.php\/wp-json\/wp\/v2\/media?parent=6674"}],"wp:term":[{"taxonomy":"category","embeddable":true,"href":"https:\/\/portalr3.online\/index.php\/wp-json\/wp\/v2\/categories?post=6674"},{"taxonomy":"post_tag","embeddable":true,"href":"https:\/\/portalr3.online\/index.php\/wp-json\/wp\/v2\/tags?post=6674"}],"curies":[{"name":"wp","href":"https:\/\/api.w.org\/{rel}","templated":true}]}}