{"id":6651,"date":"2021-05-10T08:51:35","date_gmt":"2021-05-10T11:51:35","guid":{"rendered":"https:\/\/portalnarede.com.br\/?p=6651"},"modified":"2021-05-10T08:51:35","modified_gmt":"2021-05-10T11:51:35","slug":"rotam-prende-jovem-com-9kg-de-maconha-no-jacintinho","status":"publish","type":"post","link":"https:\/\/portalr3.online\/index.php\/2021\/05\/10\/rotam-prende-jovem-com-9kg-de-maconha-no-jacintinho\/","title":{"rendered":"Rotam prende jovem com 9kg de maconha no Jacintinho"},"content":{"rendered":"\n<p><em>Imagem: PMAL<\/em><\/p>\n\n\n\n<p><em>*Jo\u00e3o Pedro Magnani &#8211; estagi\u00e1rio sob supervis\u00e3o<\/em><\/p>\n\n\n\n<p>Um jovem foi preso, nesse domingo (09), pelo crime de tr\u00e1fico de droga. Segundo a Rotam, o indiv\u00edduo tentou evadir-se do local quando avistou a guarni\u00e7\u00e3o, mas n\u00e3o obteve sucesso. O caso ocorreu no bairro do Jacintinho, em Macei\u00f3.<\/p>\n\n\n\n<p>De acordo com o relat\u00f3rio do Centro Integrado de Opera\u00e7\u00f5es (Ciosp), o indiv\u00edduo de 23 anos, que estava com uma quantia de droga n\u00e3o informada no momento, falou aos militares que o restante dos il\u00edcitos estava na casa de sua av\u00f3. Nesta, situada no bairro de Gar\u00e7a Torta, foram encontradas duas balan\u00e7as de precis\u00e3o e oito mil, novecentos e cinquenta gramas de maconha.<\/p>\n\n\n\n<p>O homem n\u00e3o teve a identidade divulgada.<\/p>\n\n\n\n<p>Ap\u00f3s a constata\u00e7\u00e3o, o suspeito foi conduzido pela guarni\u00e7\u00e3o da Rotam \u00e0 Central de Flagrantes, situada na avenida Fernandes Lima, Pinheiro, onde foi autuado por tr\u00e1fico de drogas.<\/p>\n","protected":false},"excerpt":{"rendered":"<p>Imagem: PMAL *Jo\u00e3o Pedro Magnani &#8211; estagi\u00e1rio sob supervis\u00e3o Um jovem foi preso, nesse domingo (09), pelo crime de tr\u00e1fico<\/p>\n","protected":false},"author":1,"featured_media":6660,"comment_status":"open","ping_status":"open","sticky":false,"template":"","format":"standard","meta":{"colormag_page_container_layout":"default_layout","colormag_page_sidebar_layout":"default_layout","footnotes":""},"categories":[10],"tags":[118,139,151],"class_list":["post-6651","post","type-post","status-publish","format-standard","has-post-thumbnail","hentry","category-noticias","tag-jacintinho","tag-jovem","tag-trafico-de-drogas"],"aioseo_notices":[],"_links":{"self":[{"href":"https:\/\/portalr3.online\/index.php\/wp-json\/wp\/v2\/posts\/6651","targetHints":{"allow":["GET"]}}],"collection":[{"href":"https:\/\/portalr3.online\/index.php\/wp-json\/wp\/v2\/posts"}],"about":[{"href":"https:\/\/portalr3.online\/index.php\/wp-json\/wp\/v2\/types\/post"}],"author":[{"embeddable":true,"href":"https:\/\/portalr3.online\/index.php\/wp-json\/wp\/v2\/users\/1"}],"replies":[{"embeddable":true,"href":"https:\/\/portalr3.online\/index.php\/wp-json\/wp\/v2\/comments?post=6651"}],"version-history":[{"count":0,"href":"https:\/\/portalr3.online\/index.php\/wp-json\/wp\/v2\/posts\/6651\/revisions"}],"wp:featuredmedia":[{"embeddable":true,"href":"https:\/\/portalr3.online\/index.php\/wp-json\/wp\/v2\/media\/6660"}],"wp:attachment":[{"href":"https:\/\/portalr3.online\/index.php\/wp-json\/wp\/v2\/media?parent=6651"}],"wp:term":[{"taxonomy":"category","embeddable":true,"href":"https:\/\/portalr3.online\/index.php\/wp-json\/wp\/v2\/categories?post=6651"},{"taxonomy":"post_tag","embeddable":true,"href":"https:\/\/portalr3.online\/index.php\/wp-json\/wp\/v2\/tags?post=6651"}],"curies":[{"name":"wp","href":"https:\/\/api.w.org\/{rel}","templated":true}]}}