{"id":6632,"date":"2021-05-09T14:44:04","date_gmt":"2021-05-09T17:44:04","guid":{"rendered":"https:\/\/portalnarede.com.br\/?p=6632"},"modified":"2021-05-09T14:44:04","modified_gmt":"2021-05-09T17:44:04","slug":"homem-e-assassinado-a-tiros-no-tabuleiro-dos-martins","status":"publish","type":"post","link":"https:\/\/portalr3.online\/index.php\/2021\/05\/09\/homem-e-assassinado-a-tiros-no-tabuleiro-dos-martins\/","title":{"rendered":"Homem \u00e9 assassinado a tiros no Tabuleiro dos Martins"},"content":{"rendered":"\n<p>Dois disparos de arma de fogo no pesco\u00e7o e outros dois na perna<\/p>\n\n\n\n<p>Foto: reprodu\u00e7\u00e3o<\/p>\n\n\n\n<p>Um homem de 18 anos foi assassinado com quatro disparos de arma de fogo, dois no pesco\u00e7o e outros dois na perna, na noite desse s\u00e1bado (8), no bairro do Tabuleiro do Martins, parte alta de Macei\u00f3.<\/p>\n\n\n\n<p>Segundo informa\u00e7\u00f5es do relat\u00f3rio do Centro Integrado de Opera\u00e7\u00f5es da Seguran\u00e7a P\u00fablica (Ciosp), guarni\u00e7\u00f5es realizavam patrulhamento quando avistaram o fato. O homic\u00eddio teria acontecido h\u00e1 poucos instantes. No local, havia um homem v\u00edtima de arma de fogo, em \u00f3bito.<\/p>\n\n\n\n<p>Ainda de acordo com as informa\u00e7\u00f5es descritas no relat\u00f3rio, populares no local informaram que os autores do crime estariam em dois ve\u00edculos, um Punto branco e um Gol branco e que ap\u00f3s cometerem o homic\u00eddio fugiram do local.<\/p>\n\n\n\n<p>Estiveram no local equipes da Delegacia de Homic\u00eddio, Instituto Criminal\u00edstica (IC) e Instituto M\u00e9dico Legal (IML).<\/p>\n","protected":false},"excerpt":{"rendered":"<p>Dois disparos de arma de fogo no pesco\u00e7o e outros dois na perna Foto: reprodu\u00e7\u00e3o Um homem de 18 anos<\/p>\n","protected":false},"author":1,"featured_media":6307,"comment_status":"open","ping_status":"open","sticky":false,"template":"","format":"standard","meta":{"colormag_page_container_layout":"default_layout","colormag_page_sidebar_layout":"default_layout","footnotes":""},"categories":[10],"tags":[101,412,413],"class_list":["post-6632","post","type-post","status-publish","format-standard","has-post-thumbnail","hentry","category-noticias","tag-assassinato","tag-assassinato-homem-18-anos","tag-assassinato-tabuleiro-dos-martins"],"aioseo_notices":[],"_links":{"self":[{"href":"https:\/\/portalr3.online\/index.php\/wp-json\/wp\/v2\/posts\/6632","targetHints":{"allow":["GET"]}}],"collection":[{"href":"https:\/\/portalr3.online\/index.php\/wp-json\/wp\/v2\/posts"}],"about":[{"href":"https:\/\/portalr3.online\/index.php\/wp-json\/wp\/v2\/types\/post"}],"author":[{"embeddable":true,"href":"https:\/\/portalr3.online\/index.php\/wp-json\/wp\/v2\/users\/1"}],"replies":[{"embeddable":true,"href":"https:\/\/portalr3.online\/index.php\/wp-json\/wp\/v2\/comments?post=6632"}],"version-history":[{"count":0,"href":"https:\/\/portalr3.online\/index.php\/wp-json\/wp\/v2\/posts\/6632\/revisions"}],"wp:featuredmedia":[{"embeddable":true,"href":"https:\/\/portalr3.online\/index.php\/wp-json\/wp\/v2\/media\/6307"}],"wp:attachment":[{"href":"https:\/\/portalr3.online\/index.php\/wp-json\/wp\/v2\/media?parent=6632"}],"wp:term":[{"taxonomy":"category","embeddable":true,"href":"https:\/\/portalr3.online\/index.php\/wp-json\/wp\/v2\/categories?post=6632"},{"taxonomy":"post_tag","embeddable":true,"href":"https:\/\/portalr3.online\/index.php\/wp-json\/wp\/v2\/tags?post=6632"}],"curies":[{"name":"wp","href":"https:\/\/api.w.org\/{rel}","templated":true}]}}