{"id":6625,"date":"2021-05-09T14:05:09","date_gmt":"2021-05-09T17:05:09","guid":{"rendered":"https:\/\/portalnarede.com.br\/?p=6625"},"modified":"2021-05-09T14:05:09","modified_gmt":"2021-05-09T17:05:09","slug":"homem-e-preso-por-fazer-anuncio-de-notbook-roubado-em-site-de-vendas","status":"publish","type":"post","link":"https:\/\/portalr3.online\/index.php\/2021\/05\/09\/homem-e-preso-por-fazer-anuncio-de-notbook-roubado-em-site-de-vendas\/","title":{"rendered":"Homem \u00e9 preso por fazer an\u00fancio de notebook roubado em site de vendas"},"content":{"rendered":"\n<p>Suspeito foi detido na Avenida S\u00edlvio Viana, no bairro Ponta Verde, em Macei\u00f3.<\/p>\n\n\n\n<p>Foto: reprodu\u00e7\u00e3o<\/p>\n\n\n\n<p>Um homem foi preso ap\u00f3s fazer an\u00fancio de notbook roubado. A acusa\u00e7\u00e3o se deu por suspeita de crime de recepta\u00e7\u00e3o. O fato ocorreu na noite desse s\u00e1bado (8), na Avenida S\u00edlvio Viana, no bairro Ponta Verde, em Macei\u00f3.<\/p>\n\n\n\n<p>Segundo informa\u00e7\u00f5es do relat\u00f3rio do Centro Integrado de Opera\u00e7\u00f5es da Seguran\u00e7a P\u00fablica (Ciosp), a guarni\u00e7\u00e3o foi acionada por um delegado da Pol\u00edcia Civil que deteve o indiv\u00edduo.<\/p>\n\n\n\n<p>Ainda de acordo com as informa\u00e7\u00f5es, o dono do notbook viu o an\u00fancio e reconheceu que o aparelho eletr\u00f4nico. O mesmo havia sido roubado na \u00faltima sexta-feira (7).<\/p>\n\n\n\n<p>Os envolvidos foram conduzidos \u00e0 Central de Flagrantes I, no bairro Farol, para a realiza\u00e7\u00e3o dos procedimentos cab\u00edveis.<\/p>\n","protected":false},"excerpt":{"rendered":"<p>Suspeito foi detido na Avenida S\u00edlvio Viana, no bairro Ponta Verde, em Macei\u00f3. Foto: reprodu\u00e7\u00e3o Um homem foi preso ap\u00f3s<\/p>\n","protected":false},"author":1,"featured_media":5376,"comment_status":"open","ping_status":"open","sticky":false,"template":"","format":"standard","meta":{"colormag_page_container_layout":"default_layout","colormag_page_sidebar_layout":"default_layout","footnotes":""},"categories":[10],"tags":[403],"class_list":["post-6625","post","type-post","status-publish","format-standard","has-post-thumbnail","hentry","category-noticias","tag-home-preso-apos-anunciar-venda-de-notbook-roubado"],"aioseo_notices":[],"_links":{"self":[{"href":"https:\/\/portalr3.online\/index.php\/wp-json\/wp\/v2\/posts\/6625","targetHints":{"allow":["GET"]}}],"collection":[{"href":"https:\/\/portalr3.online\/index.php\/wp-json\/wp\/v2\/posts"}],"about":[{"href":"https:\/\/portalr3.online\/index.php\/wp-json\/wp\/v2\/types\/post"}],"author":[{"embeddable":true,"href":"https:\/\/portalr3.online\/index.php\/wp-json\/wp\/v2\/users\/1"}],"replies":[{"embeddable":true,"href":"https:\/\/portalr3.online\/index.php\/wp-json\/wp\/v2\/comments?post=6625"}],"version-history":[{"count":0,"href":"https:\/\/portalr3.online\/index.php\/wp-json\/wp\/v2\/posts\/6625\/revisions"}],"wp:featuredmedia":[{"embeddable":true,"href":"https:\/\/portalr3.online\/index.php\/wp-json\/"}],"wp:attachment":[{"href":"https:\/\/portalr3.online\/index.php\/wp-json\/wp\/v2\/media?parent=6625"}],"wp:term":[{"taxonomy":"category","embeddable":true,"href":"https:\/\/portalr3.online\/index.php\/wp-json\/wp\/v2\/categories?post=6625"},{"taxonomy":"post_tag","embeddable":true,"href":"https:\/\/portalr3.online\/index.php\/wp-json\/wp\/v2\/tags?post=6625"}],"curies":[{"name":"wp","href":"https:\/\/api.w.org\/{rel}","templated":true}]}}