{"id":6622,"date":"2021-05-09T13:50:10","date_gmt":"2021-05-09T16:50:10","guid":{"rendered":"https:\/\/portalnarede.com.br\/?p=6622"},"modified":"2021-05-09T13:50:10","modified_gmt":"2021-05-09T16:50:10","slug":"motociclistas-colidem-frontalmente-e-acabam-morrendo-na-al-115","status":"publish","type":"post","link":"https:\/\/portalr3.online\/index.php\/2021\/05\/09\/motociclistas-colidem-frontalmente-e-acabam-morrendo-na-al-115\/","title":{"rendered":"Motociclistas colidem frontalmente e acabam morrendo na AL-115"},"content":{"rendered":"\n<p>Acidente fatal aconteceu pr\u00f3ximo ao s\u00edtio \u00c1gua Salgada, no munic\u00edpio de Arapiraca<\/p>\n\n\n\n<p>Uma colis\u00e3o frontal entre dois motociclistas foi registrada na noite desse s\u00e1bado (8), em um trecho da AL-115, pr\u00f3ximo ao s\u00edtio \u00c1gua Salgada, no munic\u00edpio de Arapiraca, agreste de Alagoas. Os envolvidos n\u00e3o resistiram e morreram no local.<\/p>\n\n\n\n<p>De acordo com as informa\u00e7\u00f5es do Batalh\u00e3o de Pol\u00edcia Rodovi\u00e1ria (BPRv), ao fazer uma curva na rodovia para a direita, o condutor da Honda CG 160\/TITAN EX perdeu o controle da dire\u00e7\u00e3o, invadiu o outro lado da pista e acabou colidindo frontalmente com uma Honda CG 150.<\/p>\n\n\n\n<p>Ainda segundo as informa\u00e7\u00f5es, os dois motociclistas foram identificados como Dami\u00e3o Alves dos Santos e Edinaldo da Silva.<\/p>\n","protected":false},"excerpt":{"rendered":"<p>Acidente fatal aconteceu pr\u00f3ximo ao s\u00edtio \u00c1gua Salgada, no munic\u00edpio de Arapiraca Uma colis\u00e3o frontal entre dois motociclistas foi registrada<\/p>\n","protected":false},"author":1,"featured_media":6623,"comment_status":"open","ping_status":"open","sticky":false,"template":"","format":"standard","meta":{"colormag_page_container_layout":"default_layout","colormag_page_sidebar_layout":"default_layout","footnotes":""},"categories":[22],"tags":[401,402],"class_list":["post-6622","post","type-post","status-publish","format-standard","has-post-thumbnail","hentry","category-cidades","tag-colisao-entre-motos","tag-colisao-frontal"],"aioseo_notices":[],"_links":{"self":[{"href":"https:\/\/portalr3.online\/index.php\/wp-json\/wp\/v2\/posts\/6622","targetHints":{"allow":["GET"]}}],"collection":[{"href":"https:\/\/portalr3.online\/index.php\/wp-json\/wp\/v2\/posts"}],"about":[{"href":"https:\/\/portalr3.online\/index.php\/wp-json\/wp\/v2\/types\/post"}],"author":[{"embeddable":true,"href":"https:\/\/portalr3.online\/index.php\/wp-json\/wp\/v2\/users\/1"}],"replies":[{"embeddable":true,"href":"https:\/\/portalr3.online\/index.php\/wp-json\/wp\/v2\/comments?post=6622"}],"version-history":[{"count":0,"href":"https:\/\/portalr3.online\/index.php\/wp-json\/wp\/v2\/posts\/6622\/revisions"}],"wp:featuredmedia":[{"embeddable":true,"href":"https:\/\/portalr3.online\/index.php\/wp-json\/wp\/v2\/media\/6623"}],"wp:attachment":[{"href":"https:\/\/portalr3.online\/index.php\/wp-json\/wp\/v2\/media?parent=6622"}],"wp:term":[{"taxonomy":"category","embeddable":true,"href":"https:\/\/portalr3.online\/index.php\/wp-json\/wp\/v2\/categories?post=6622"},{"taxonomy":"post_tag","embeddable":true,"href":"https:\/\/portalr3.online\/index.php\/wp-json\/wp\/v2\/tags?post=6622"}],"curies":[{"name":"wp","href":"https:\/\/api.w.org\/{rel}","templated":true}]}}