{"id":6612,"date":"2021-05-08T21:47:43","date_gmt":"2021-05-09T00:47:43","guid":{"rendered":"https:\/\/portalnarede.com.br\/?p=6612"},"modified":"2021-05-08T21:47:43","modified_gmt":"2021-05-09T00:47:43","slug":"maceio-retoma-neste-domingo-9-aplicacao-da-segunda-dose-apos-receber-mais-de-4-500-doses-da-coronavac","status":"publish","type":"post","link":"https:\/\/portalr3.online\/index.php\/2021\/05\/08\/maceio-retoma-neste-domingo-9-aplicacao-da-segunda-dose-apos-receber-mais-de-4-500-doses-da-coronavac\/","title":{"rendered":"Coronavac: Macei\u00f3 retoma neste domingo (9) aplica\u00e7\u00e3o da segunda dose ap\u00f3s receber mais de 4.500 doses"},"content":{"rendered":"\n<p>Informa\u00e7\u00f5es: ascom SMS \/ Foto: Secom Macei\u00f3<\/p>\n\n\n\n<p><em>Imuniza\u00e7\u00e3o com a primeira dose tamb\u00e9m continua na capital<\/em><\/p>\n\n\n\n<p>Macei\u00f3 retoma, neste domingo (8), a aplica\u00e7\u00e3o da segunda dose da Coronavac em pessoas em que o cart\u00e3o de imuniza\u00e7\u00e3o tinha data programada at\u00e9 o dia 28 de abril. Tamb\u00e9m continua a imuniza\u00e7\u00e3o com a primeira dose da Astrazeneca na capital. A vacina\u00e7\u00e3o acontecer\u00e1 das 9h \u00e0s 16h, nos oito pontos distribu\u00eddos na capital.<\/p>\n\n\n\n<p>Com a chegada das 4.580 doses do imunizante Coronavac, o munic\u00edpio ir\u00e1 concluir o esquema de imuniza\u00e7\u00e3o das pessoas que ainda n\u00e3o haviam conseguido se vacinar em virtude do quantitativo insuficiente de doses da Coronavac nos \u00faltimos dias.<\/p>\n\n\n\n<p>Trabalhadores de sa\u00fade com 18 anos ou mais e pessoas com comorbidades a partir dos 25 anos tamb\u00e9m poder\u00e3o se vacinar neste domingo.<\/p>\n\n\n\n<p>As pessoas com cart\u00e3o de vacina\u00e7\u00e3o para o dia 29 de abril em diante devem aguardar novo calend\u00e1rio para conclus\u00e3o da imuniza\u00e7\u00e3o contra a Covid-19. A nova divulga\u00e7\u00e3o ser\u00e1 feita a medida que o Munic\u00edpio receber mais doses de Coronavac do Governo do Estado.<\/p>\n\n\n\n<p><strong>Comprovante de resid\u00eancia<\/strong><\/p>\n\n\n\n<p>De acordo com nota t\u00e9cnica da Secretaria Estadual de Sa\u00fade, \u00e9 obrigat\u00f3ria a apresenta\u00e7\u00e3o de comprovante de resid\u00eancia e c\u00f3pia (que fica no ponto de vacina\u00e7\u00e3o) com endere\u00e7o que comprove resid\u00eancia no Munic\u00edpio, tanto para 1a dose, como para 2a.<\/p>\n\n\n\n<p><strong>Documenta\u00e7\u00e3o necess\u00e1ria<\/strong><\/p>\n\n\n\n<p>Para ser imunizada, a pessoa com comorbidade precisa apresentar documento com foto e CPF, al\u00e9m de um dos documentos a seguir com c\u00f3pia que fica retida no local de vacina\u00e7\u00e3o: prescri\u00e7\u00e3o m\u00e9dica para a vacina contendo a condi\u00e7\u00e3o que justifique a imuniza\u00e7\u00e3o; exames espec\u00edficos que estabele\u00e7am o diagn\u00f3stico; relat\u00f3rio m\u00e9dico; ou cadastros espec\u00edficos no Sistema \u00danico de Sa\u00fade (SUS). &nbsp;<strong><a rel=\"noreferrer noopener\" href=\"http:\/\/www.maceio.al.gov.br\/wp-content\/uploads\/2021\/05\/pdf\/2021\/05\/COMORBIDADES-VACINA-COVID196.pdf\" target=\"_blank\">Confira a lista de comorbidades.<\/a><\/strong><\/p>\n\n\n\n<p>J\u00e1 o trabalhador da sa\u00fade deve apresentar, al\u00e9m de documento com foto e CPF, Declara\u00e7\u00e3o de V\u00ednculo Empregat\u00edcio emitida pelo diretor-geral ou diretor m\u00e9dico, atestando a condi\u00e7\u00e3o do trabalhador; contracheque atualizado (m\u00eas anterior) ou carteira de trabalho comprovando v\u00ednculo ativo.<\/p>\n\n\n\n<p>No caso dos aut\u00f4nomos, \u00e9 necess\u00e1rio apresentar certid\u00e3o de regularidade do respectivo conselho de classe e um dos seguintes documentos: Documenta\u00e7\u00e3o comprobat\u00f3ria da condi\u00e7\u00e3o de Microempreendedor Individual (MEI); Conta de energia de im\u00f3vel comercial em seu nome ou em nome de sua empresa; autodeclara\u00e7\u00e3o de efetivo exerc\u00edcio da atividade profissional na \u00e1rea da Sa\u00fade, acompanhada de tr\u00eas contratos de presta\u00e7\u00e3o de servi\u00e7o ou de tr\u00eas declara\u00e7\u00f5es de pacientes, notas fiscais ou contratos de vincula\u00e7\u00e3o a planos de sa\u00fade privados.<\/p>\n\n\n\n<p>Os cuidadores e assistentes domiciliares e trabalhadores de servi\u00e7os funer\u00e1rios precisam apresentar Carteira de Trabalho que comprove o v\u00ednculo ativo ou contracheque atualizado (m\u00eas anterior). No caso dos residentes ou estudantes em est\u00e1gio \u00e9 necess\u00e1ria a apresenta\u00e7\u00e3o da declara\u00e7\u00e3o emitida pelo servi\u00e7o onde o estudante est\u00e1 cumprindo o referido est\u00e1gio ou resid\u00eancia.<\/p>\n\n\n\n<p><\/p>\n","protected":false},"excerpt":{"rendered":"<p>Informa\u00e7\u00f5es: ascom SMS \/ Foto: Secom Macei\u00f3 Imuniza\u00e7\u00e3o com a primeira dose tamb\u00e9m continua na capital Macei\u00f3 retoma, neste domingo<\/p>\n","protected":false},"author":1,"featured_media":6613,"comment_status":"open","ping_status":"open","sticky":false,"template":"","format":"standard","meta":{"colormag_page_container_layout":"default_layout","colormag_page_sidebar_layout":"default_layout","footnotes":""},"categories":[10],"tags":[395,48,396,397],"class_list":["post-6612","post","type-post","status-publish","format-standard","has-post-thumbnail","hentry","category-noticias","tag-chegada-da-coronavac-maceio","tag-coronavac","tag-coronavac-maceio","tag-vacinacao-maceio"],"aioseo_notices":[],"_links":{"self":[{"href":"https:\/\/portalr3.online\/index.php\/wp-json\/wp\/v2\/posts\/6612","targetHints":{"allow":["GET"]}}],"collection":[{"href":"https:\/\/portalr3.online\/index.php\/wp-json\/wp\/v2\/posts"}],"about":[{"href":"https:\/\/portalr3.online\/index.php\/wp-json\/wp\/v2\/types\/post"}],"author":[{"embeddable":true,"href":"https:\/\/portalr3.online\/index.php\/wp-json\/wp\/v2\/users\/1"}],"replies":[{"embeddable":true,"href":"https:\/\/portalr3.online\/index.php\/wp-json\/wp\/v2\/comments?post=6612"}],"version-history":[{"count":0,"href":"https:\/\/portalr3.online\/index.php\/wp-json\/wp\/v2\/posts\/6612\/revisions"}],"wp:featuredmedia":[{"embeddable":true,"href":"https:\/\/portalr3.online\/index.php\/wp-json\/wp\/v2\/media\/6613"}],"wp:attachment":[{"href":"https:\/\/portalr3.online\/index.php\/wp-json\/wp\/v2\/media?parent=6612"}],"wp:term":[{"taxonomy":"category","embeddable":true,"href":"https:\/\/portalr3.online\/index.php\/wp-json\/wp\/v2\/categories?post=6612"},{"taxonomy":"post_tag","embeddable":true,"href":"https:\/\/portalr3.online\/index.php\/wp-json\/wp\/v2\/tags?post=6612"}],"curies":[{"name":"wp","href":"https:\/\/api.w.org\/{rel}","templated":true}]}}