{"id":6586,"date":"2021-05-08T16:24:41","date_gmt":"2021-05-08T19:24:41","guid":{"rendered":"https:\/\/portalnarede.com.br\/?p=6586"},"modified":"2021-05-08T16:24:41","modified_gmt":"2021-05-08T19:24:41","slug":"maceio-adquire-ultracongeladores-para-armazenar-vacina-da-pfizer-prefeito-jhc-entregou-equipamentos-para-central-de-frio-neste-sabado-08","status":"publish","type":"post","link":"https:\/\/portalr3.online\/index.php\/2021\/05\/08\/maceio-adquire-ultracongeladores-para-armazenar-vacina-da-pfizer-prefeito-jhc-entregou-equipamentos-para-central-de-frio-neste-sabado-08\/","title":{"rendered":"Macei\u00f3 adquire ultracongeladores para armazenar vacina da Pfizer; prefeito JHC entregou equipamentos"},"content":{"rendered":"\n<p><strong><em>Aquisi\u00e7\u00e3o teve um investimento de R$ 160 mil<\/em><\/strong><\/p>\n\n\n\n<p>*Com informa\u00e7\u00f5es e foto: assessoria<\/p>\n\n\n\n<p>A Prefeitura de Macei\u00f3 adquiriu dois ultracongeladores verticais com capacidade de 800 litros e temperatura de -86 graus; um ultracongelador vertical que pode armazenar 580 litros, tamb\u00e9m em temperatura de -86 graus; e mais tr\u00eas congeladores horizontais, com capacidade de 400 litros e temperatura de -30 graus. Os equipamentos v\u00e3o armazenar as vacinas da Pfizer que exigem baix\u00edssimas temperaturas. Neste s\u00e1bado (08), o prefeito JHC fez a entrega \u00e0 Central Municipal\u00a0de\u00a0 Rede de Frio. <\/p>\n\n\n\n<p>Os equipamentos vieram de S\u00e3o Paulo e v\u00e3o permitir o armazenamento dos imunizantes por at\u00e9 seis meses. O valor do investimento \u00e9 cerca de R$ 160 mil.<\/p>\n\n\n\n<p>\u201cOs ultracongeladores t\u00eam caracter\u00edsticas t\u00e9cnicas, espec\u00edficas para poder armazenar, ou seja, congelar as vacinas da Pfizer. Portanto, hoje, conseguimos completar todo o ciclo necess\u00e1rio para fazer o manuseio dessas doses. Macei\u00f3 est\u00e1 dando exemplo, j\u00e1 se antecipou e saiu na frente\u201d, explica o prefeito JHC.<\/p>\n\n\n\n<p>Os ultracongeladores chegaram com todas as certifica\u00e7\u00f5es nacionais e internacionais. <\/p>\n\n\n\n<p>\u201cFoi uma for\u00e7a tarefa a partir de uma determina\u00e7\u00e3o do prefeito. A Prefeitura se empenhou para garantir os equipamentos. Virou uma corrida, o Brasil e o mundo todo precisam desses equipamentos e Macei\u00f3 mais uma vez d\u00e1 exemplo e sai na frente. Tudo isso dentro de uma estrutura j\u00e1 montada, inclusive com gerador 24 horas por dia, para garantir a seguran\u00e7a energ\u00e9tica e manter todas essas vacinas e equipamentos em pleno funcionamento\u201d, explicou o secret\u00e1rio executivo do Gabinete do Prefeito, Claydson Moura.<\/p>\n\n\n\n<p>O secret\u00e1rio municipal de Sa\u00fade, Pedro Madeiro, falou sobre o planejamento da capital alagoana para a vacina\u00e7\u00e3o.<\/p>\n\n\n\n<p>\u201cEm todos os oito pontos n\u00f3s temos uma sala climatizada exclusiva para vacinar.\u00a0 A medida que a popula\u00e7\u00e3o for convocada para ser p\u00fablico alvo da vacina Pfizer, voc\u00eas podem ir com a garantia de todos os cuidados necess\u00e1rios recomendados pela Pfizer, para garantir que a vacina chegue em excelente qualidade para a popula\u00e7\u00e3o\u201d.<\/p>\n\n\n\n<p>O Minist\u00e9rio da Sa\u00fade j\u00e1 contratou 100 milh\u00f5es de doses e vai investir mais R$ 6,6 bilh\u00f5es na compra de mais 100 milh\u00f5es desses imunizantes.<\/p>\n\n\n\n<p>O vice-prefeito Ronaldo Lessa acompanhou a entrega e destacou que a prioridade da gest\u00e3o municipal \u00e9 salvar vidas. <\/p>\n\n\n\n<p>\u201cTodo avan\u00e7o de Macei\u00f3 \u00e9 um exemplo para o pa\u00eds. Pol\u00edtica \u00e9 definir a prioridade, e a prioridade \u00e9 vida. E esse prefeito trata tanto da vida, defendendo pessoas, levando a s\u00e9rio, isso \u00e9 pol\u00edtica. Vidas importam e essa \u00e9 a quest\u00e3o principal de Macei\u00f3\u201d.<\/p>\n","protected":false},"excerpt":{"rendered":"<p>Aquisi\u00e7\u00e3o teve um investimento de R$ 160 mil *Com informa\u00e7\u00f5es e foto: assessoria A Prefeitura de Macei\u00f3 adquiriu dois ultracongeladores<\/p>\n","protected":false},"author":1,"featured_media":6587,"comment_status":"open","ping_status":"open","sticky":false,"template":"","format":"standard","meta":{"colormag_page_container_layout":"default_layout","colormag_page_sidebar_layout":"default_layout","footnotes":""},"categories":[10],"tags":[385,140,37,289,386,39,387,126],"class_list":["post-6586","post","type-post","status-publish","format-standard","has-post-thumbnail","hentry","category-noticias","tag-armazenamento","tag-jhc","tag-maceio","tag-pfizer","tag-prefeito","tag-prefeitura","tag-ultracongeladores","tag-vacinas"],"aioseo_notices":[],"_links":{"self":[{"href":"https:\/\/portalr3.online\/index.php\/wp-json\/wp\/v2\/posts\/6586","targetHints":{"allow":["GET"]}}],"collection":[{"href":"https:\/\/portalr3.online\/index.php\/wp-json\/wp\/v2\/posts"}],"about":[{"href":"https:\/\/portalr3.online\/index.php\/wp-json\/wp\/v2\/types\/post"}],"author":[{"embeddable":true,"href":"https:\/\/portalr3.online\/index.php\/wp-json\/wp\/v2\/users\/1"}],"replies":[{"embeddable":true,"href":"https:\/\/portalr3.online\/index.php\/wp-json\/wp\/v2\/comments?post=6586"}],"version-history":[{"count":0,"href":"https:\/\/portalr3.online\/index.php\/wp-json\/wp\/v2\/posts\/6586\/revisions"}],"wp:featuredmedia":[{"embeddable":true,"href":"https:\/\/portalr3.online\/index.php\/wp-json\/wp\/v2\/media\/6587"}],"wp:attachment":[{"href":"https:\/\/portalr3.online\/index.php\/wp-json\/wp\/v2\/media?parent=6586"}],"wp:term":[{"taxonomy":"category","embeddable":true,"href":"https:\/\/portalr3.online\/index.php\/wp-json\/wp\/v2\/categories?post=6586"},{"taxonomy":"post_tag","embeddable":true,"href":"https:\/\/portalr3.online\/index.php\/wp-json\/wp\/v2\/tags?post=6586"}],"curies":[{"name":"wp","href":"https:\/\/api.w.org\/{rel}","templated":true}]}}