{"id":6583,"date":"2021-05-08T16:14:07","date_gmt":"2021-05-08T19:14:07","guid":{"rendered":"https:\/\/portalnarede.com.br\/?p=6583"},"modified":"2021-05-08T16:14:07","modified_gmt":"2021-05-08T19:14:07","slug":"sao-paulo-chega-a-100-mil-mortos-por-covid-com-virus-que-se-espalha-pelo-interior","status":"publish","type":"post","link":"https:\/\/portalr3.online\/index.php\/2021\/05\/08\/sao-paulo-chega-a-100-mil-mortos-por-covid-com-virus-que-se-espalha-pelo-interior\/","title":{"rendered":"S\u00e3o Paulo chega a 100 mil mortos por Covid, com v\u00edrus que se espalha pelo interior"},"content":{"rendered":"\n<p>*Fonte: Folha | Foto: CNN Brasil<\/p>\n\n\n\n<p>O estado de S\u00e3o Paulo ultrapassou neste s\u00e1bado (8) a marca de 100 mil mortos&nbsp;<a href=\"https:\/\/agora.folha.uol.com.br\/sao-paulo\/2021\/04\/total-de-mortes-em-sp-ja-e-quase-igual-ao-numero-de-nascimentos.shtml\">pela Covid-19<\/a>, uma epidemia que come\u00e7ou concentrada na Grande S\u00e3o Paulo e depois se espalhou para as demais regi\u00f5es. Segundo dados da Secretaria Estadual da Sa\u00fade, o total de mortes decorrentes do coronav\u00edrus desde o in\u00edcio de mar\u00e7o passado chegou a 100.649 \u00f3bitos.<\/p>\n\n\n\n<p>Em oito desses mais de 13 meses de mortes, a doen\u00e7a se mostrou mais letal no interior e no litoral do estado, que aplicou pol\u00edticas regionalizadas, promoveu a abertura mesmo contra recomenda\u00e7\u00f5es do centro de conting\u00eancia para a pandemia do pr\u00f3prio governo e enfrentou dissid\u00eancia de prefeitos \u2014muitos dos quais&nbsp;<a href=\"https:\/\/www1.folha.uol.com.br\/equilibrioesaude\/2021\/03\/com-prefeita-anti-isolamento-bauru-ignora-fase-vermelha-e-tem-falta-de-leitos-para-covid.shtml\">desobedeceram as recomenda\u00e7\u00f5es estaduais<\/a>, ainda que alguns tenham tomado medidas&nbsp;<a href=\"https:\/\/www1.folha.uol.com.br\/equilibrioesaude\/2021\/05\/estudo-demonstra-que-lockdown-e-eficaz-para-controle-de-covid-19-em-cidades-do-interior-paulista.shtml\">ainda mais r\u00edgidas<\/a>&nbsp;que as propostas pela gest\u00e3o Doria.<\/p>\n\n\n\n<p>Em abril do ano passado, 16% dos \u00f3bitos pela doen\u00e7a aconteceram em cidades fora da regi\u00e3o metropolitana da capital. Um ano depois, esse percentual subiu para 53%.<\/p>\n\n\n\n\n\n<p>Segundo dados do governo de S\u00e3o Paulo, 56% dos mortos pela doen\u00e7a no estado s\u00e3o homens e 71% t\u00eam 60 anos ou mais, perfil semelhante ao observado no pa\u00eds. Entre os pacientes internados no territ\u00f3rio paulista, a taxa de cura \u00e9 de 68%.<\/p>\n\n\n\n<p>O estado concentra 24% das mortes ocorridas no Brasil por causa da Covid. Se fosse um pa\u00eds, em n\u00fameros absolutos S\u00e3o Paulo seria hoje o nono no ranking mundial de \u00f3bitos pelo coronav\u00edrus, atr\u00e1s de EUA, Brasil, \u00cdndia, M\u00e9xico, Reino Unido, It\u00e1lia, R\u00fassia e Fran\u00e7a. O interior e o litoral paulista, por sua vez, seriam o 18\u00ba.<\/p>\n\n\n\n<p>J\u00e1 a Grande S\u00e3o Paulo, com 39 munic\u00edpios e 47% da popula\u00e7\u00e3o do estado, re\u00fane ainda mais v\u00edtimas, quando considerado todo o per\u00edodo da pandemia, devido sobretudo ao impacto dos meses imediatamente ap\u00f3s a chegada do v\u00edrus. S\u00e3o cerca de 51% do total de \u00f3bitos registrados at\u00e9 o momento.<\/p>\n\n\n\n<p>Em pa\u00edses asi\u00e1ticos, como China e Vietn\u00e3, o aumento de casos em alguma localidade levava a uma forte restri\u00e7\u00e3o de movimenta\u00e7\u00e3o de pessoas para outras localidades, o que evitou que a Covid-19 se espalhasse rapidamente.<\/p>\n\n\n\n<p>Mas pol\u00edticas r\u00edgidas nesse formato n\u00e3o foram tomadas no Brasil, e o v\u00edrus encontra mais condi\u00e7\u00f5es de circular.<\/p>\n\n\n\n<p>https:\/\/arte.folha.uol.com.br\/cotidiano\/2021\/05\/07\/100mil-sp\/?initialWidth=630&amp;childId=infographic-1&amp;parentTitle=S%C3%A3o%20Paulo%20chega%20a%20100%20mil%20mortos%20por%20Covid%2C%20com%20v%C3%ADrus%20que%20se%20espalha%20pelo%20interior%20-%2008%2F05%2F2021%20-%20Equil%C3%ADbrio%20e%20Sa%C3%BAde%20-%20Folha&amp;parentUrl=https%3A%2F%2Fwww1.folha.uol.com.br%2Fequilibrioesaude%2F2021%2F05%2Fsao-paulo-chega-a-100-mil-mortos-por-covid-com-virus-que-se-espalha-pelo-interior.shtml O aumento dos casos no interior e litoral paulista pressiona um sistema de sa\u00fade com menos recursos f\u00edsicos e humanos e que, quando lotado, des\u00e1gua nos hospitais da capital.<\/p>\n\n\n\n<p>Embora o estado tenha a menor desigualdade entre capital e interior no pa\u00eds, o n\u00famero de m\u00e9dicos \u00e9 consideravelmente menor fora da Grande S\u00e3o Paulo.<\/p>\n\n\n\n<p>Segundo o estudo Demografia M\u00e9dica no Brasil de 2020, a capital tem uma propor\u00e7\u00e3o de 5,61 m\u00e9dicos para cada mil habitantes. Nas demais regi\u00f5es, essa raz\u00e3o cai para 2,31.<\/p>\n\n\n\n<p>Tamb\u00e9m h\u00e1 menos leitos de UTI. Dos cerca de 13 mil reservados para pacientes de Covid nesta semana, cerca de 5.800 (45%) ficam foram da Grande S\u00e3o Paulo.<\/p>\n\n\n\n<p>Contudo, nos \u00faltimos quatro meses, alguns dos piores de toda a pandemia, houve mais \u00f3bitos nas cidades interioranas que na Grande S\u00e3o Paulo.<\/p>\n\n\n\n<p>Na maior parte de abril, todas as regi\u00f5es do interior tiveram mais de 80% de ocupa\u00e7\u00e3o de UTIs, com a maioria delas ultrapassando os 90%.<\/p>\n\n\n\n<p>Na regi\u00e3o de&nbsp;<a href=\"https:\/\/www1.folha.uol.com.br\/colunas\/painel\/2021\/04\/vereadores-de-bauru-pedem-que-prefeita-encomende-estudo-sobre-tratamento-ineficaz-contra-a-covid-19.shtml\">Bauru<\/a>, a lota\u00e7\u00e3o das UTIs chegou a 98%, embora novos leitos tenham sido criados. Na quarta (5), segundo o governo do estado, 9 a cada 10 vagas de terapia intensiva estavam preenchidas.<\/p>\n\n\n\n<p>A pandemia tem sido um grande ponto de atrito entre a prefeita de Bauru, Su\u00e9llen Rosim (Patriota), e o governador Jo\u00e3o Doria (PSDB). Contr\u00e1ria a medidas severas de restri\u00e7\u00e3o ao com\u00e9rcio, ela cobra do governo estadual a amplia\u00e7\u00e3o do sistema de sa\u00fade do munic\u00edpio, que tamb\u00e9m atende cidades vizinhas.<\/p>\n\n\n\n<p>A gest\u00e3o municipal chegou a editar um decreto que ampliava o leque de atividades consideradas essenciais, flexibilizando medidas impostas pelo governo. A lei, depois suspensa pela Justi\u00e7a, permitia o funcionamento, por exemplo, de shoppings, bares e sal\u00f5es de beleza.<\/p>\n\n\n\n<p>Rosim tamb\u00e9m participou de uma manifesta\u00e7\u00e3o, cr\u00edtica a Doria, que pedia a abertura do com\u00e9rcio na cidade. O governador, por sua vez, disse que a prefeita fazia \u201cvassalagem\u201d ao presidente Jair Bolsonaro (sem partido) em vez de adotar medidas para frear a Covid.<\/p>\n\n\n\n<p>Entre as 16 regi\u00f5es fora da Grande S\u00e3o Paulo, a que mais concentra mortes \u00e9 a de Campinas. Cerca de 10% dos \u00f3bitos no estado ocorreram na regi\u00e3o.<\/p>\n\n\n\n<p>A cidade de Campinas \u00e9 a terceira em n\u00famero de mortes, com mais de 3.000 v\u00edtimas. Perde apenas para a capital e Guarulhos, as outras duas cidades mais populosas do estado.<\/p>\n","protected":false},"excerpt":{"rendered":"<p>*Fonte: Folha | Foto: CNN Brasil O estado de S\u00e3o Paulo ultrapassou neste s\u00e1bado (8) a marca de 100 mil<\/p>\n","protected":false},"author":1,"featured_media":4637,"comment_status":"open","ping_status":"open","sticky":false,"template":"","format":"standard","meta":{"colormag_page_container_layout":"default_layout","colormag_page_sidebar_layout":"default_layout","footnotes":""},"categories":[22],"tags":[81,82,125,384],"class_list":["post-6583","post","type-post","status-publish","format-standard","has-post-thumbnail","hentry","category-cidades","tag-coronavirus","tag-covid-19","tag-mortes","tag-sao-paulo"],"aioseo_notices":[],"_links":{"self":[{"href":"https:\/\/portalr3.online\/index.php\/wp-json\/wp\/v2\/posts\/6583","targetHints":{"allow":["GET"]}}],"collection":[{"href":"https:\/\/portalr3.online\/index.php\/wp-json\/wp\/v2\/posts"}],"about":[{"href":"https:\/\/portalr3.online\/index.php\/wp-json\/wp\/v2\/types\/post"}],"author":[{"embeddable":true,"href":"https:\/\/portalr3.online\/index.php\/wp-json\/wp\/v2\/users\/1"}],"replies":[{"embeddable":true,"href":"https:\/\/portalr3.online\/index.php\/wp-json\/wp\/v2\/comments?post=6583"}],"version-history":[{"count":0,"href":"https:\/\/portalr3.online\/index.php\/wp-json\/wp\/v2\/posts\/6583\/revisions"}],"wp:featuredmedia":[{"embeddable":true,"href":"https:\/\/portalr3.online\/index.php\/wp-json\/"}],"wp:attachment":[{"href":"https:\/\/portalr3.online\/index.php\/wp-json\/wp\/v2\/media?parent=6583"}],"wp:term":[{"taxonomy":"category","embeddable":true,"href":"https:\/\/portalr3.online\/index.php\/wp-json\/wp\/v2\/categories?post=6583"},{"taxonomy":"post_tag","embeddable":true,"href":"https:\/\/portalr3.online\/index.php\/wp-json\/wp\/v2\/tags?post=6583"}],"curies":[{"name":"wp","href":"https:\/\/api.w.org\/{rel}","templated":true}]}}