{"id":658,"date":"2021-04-21T12:58:51","date_gmt":"2021-04-21T15:58:51","guid":{"rendered":"https:\/\/redacaolivre.com\/?p=658"},"modified":"2021-04-21T12:58:51","modified_gmt":"2021-04-21T15:58:51","slug":"funcionarios-denunciam-parede-falsa-que-escondia-respiradores-em-hospital-do-para-2","status":"publish","type":"post","link":"https:\/\/portalr3.online\/index.php\/2021\/04\/21\/funcionarios-denunciam-parede-falsa-que-escondia-respiradores-em-hospital-do-para-2\/","title":{"rendered":"FUNCION\u00c1RIOS DENUNCIAM PAREDE FALSA QUE ESCONDIA RESPIRADORES EM HOSPITAL DO PAR\u00c1"},"content":{"rendered":"\n<p>Uma vistoria feita no Hospital Regional Abelardo Santos, que fica a 20 quil\u00f4metros de Bel\u00e9m, capital do Par\u00e1, descobriu 19 respiradores novos escondidos em uma sala da unidade hospitalar. Uma funcion\u00e1ria do hospital afirmou \u00e0 CNN Brasil que os respiradores estavam atr\u00e1s de uma \u2018parede falsa\u2019 no audit\u00f3rio do pr\u00e9dio e que foi preciso quebra-la para terem acesso aos equipamentos.<\/p>\n\n\n\n<p>\u201cTodo o patrim\u00f4nio do hospital \u00e9 contabilizado e esses 19 aparelhos eram registrados, mas estavam desaparecidos. E o setor financeiro da Secretaria Estadual de Sa\u00fade estava \u00e0 procura deles. Porque foi uma compra e eles sabiam. Algumas pessoas muito restritas ficaram sabendo, mas a hist\u00f3ria foi abafada\u201d, disse.<\/p>\n\n\n\n<p>O Centro de Sa\u00fade, que fica no distrito de Icoaraci, \u00e9 refer\u00eancia no combate \u00e0 covid-19 e atendia exclusivamente pacientes com a doen\u00e7a at\u00e9 a \u00faltima quinta-feira (15). O Governo do Par\u00e1 confirmou a informa\u00e7\u00e3o sobre os respiradores e afirmou que uma comiss\u00e3o interna vai apurar as raz\u00f5es dos aparelhos n\u00e3o terem sido utilizados at\u00e9 ent\u00e3o.<\/p>\n\n\n\n<p>Por outro lado, a Secretaria de Estado de Sa\u00fade P\u00fablica do Par\u00e1 negou a informa\u00e7\u00e3o de uma poss\u00edvel \u201cparede falsa\u201d. Segundo a entidade, os respiradores foram imediatamente colocados em uso ap\u00f3s a realiza\u00e7\u00e3o de uma an\u00e1lise t\u00e9cnica. De acordo com a pasta, o atendimento de pacientes n\u00e3o foi prejudicado.<\/p>\n\n\n\n<p>O Par\u00e1 registra ocupa\u00e7\u00e3o de 81,3% de leitos de UTI e 60,1% de ocupa\u00e7\u00e3o de leitos de enfermaria no sistema p\u00fablico. O Governo do Par\u00e1 n\u00e3o informou o valor pago por cada equipamento e nem a data de aquisi\u00e7\u00e3o.<\/p>\n","protected":false},"excerpt":{"rendered":"<p>Uma vistoria feita no Hospital Regional Abelardo Santos, que fica a 20 quil\u00f4metros de Bel\u00e9m, capital do Par\u00e1, descobriu 19<\/p>\n","protected":false},"author":1,"featured_media":659,"comment_status":"closed","ping_status":"closed","sticky":false,"template":"","format":"standard","meta":{"colormag_page_container_layout":"default_layout","colormag_page_sidebar_layout":"default_layout","footnotes":""},"categories":[29,16],"tags":[],"class_list":["post-658","post","type-post","status-publish","format-standard","has-post-thumbnail","hentry","category-ciencia","category-politica"],"aioseo_notices":[],"_links":{"self":[{"href":"https:\/\/portalr3.online\/index.php\/wp-json\/wp\/v2\/posts\/658","targetHints":{"allow":["GET"]}}],"collection":[{"href":"https:\/\/portalr3.online\/index.php\/wp-json\/wp\/v2\/posts"}],"about":[{"href":"https:\/\/portalr3.online\/index.php\/wp-json\/wp\/v2\/types\/post"}],"author":[{"embeddable":true,"href":"https:\/\/portalr3.online\/index.php\/wp-json\/wp\/v2\/users\/1"}],"replies":[{"embeddable":true,"href":"https:\/\/portalr3.online\/index.php\/wp-json\/wp\/v2\/comments?post=658"}],"version-history":[{"count":0,"href":"https:\/\/portalr3.online\/index.php\/wp-json\/wp\/v2\/posts\/658\/revisions"}],"wp:featuredmedia":[{"embeddable":true,"href":"https:\/\/portalr3.online\/index.php\/wp-json\/wp\/v2\/media\/659"}],"wp:attachment":[{"href":"https:\/\/portalr3.online\/index.php\/wp-json\/wp\/v2\/media?parent=658"}],"wp:term":[{"taxonomy":"category","embeddable":true,"href":"https:\/\/portalr3.online\/index.php\/wp-json\/wp\/v2\/categories?post=658"},{"taxonomy":"post_tag","embeddable":true,"href":"https:\/\/portalr3.online\/index.php\/wp-json\/wp\/v2\/tags?post=658"}],"curies":[{"name":"wp","href":"https:\/\/api.w.org\/{rel}","templated":true}]}}