{"id":6562,"date":"2021-05-08T14:56:22","date_gmt":"2021-05-08T17:56:22","guid":{"rendered":"https:\/\/portalnarede.com.br\/?p=6562"},"modified":"2021-05-08T14:56:22","modified_gmt":"2021-05-08T17:56:22","slug":"prefeitura-autoriza-retorno-do-domingo-de-lazer-na-orla","status":"publish","type":"post","link":"https:\/\/portalr3.online\/index.php\/2021\/05\/08\/prefeitura-autoriza-retorno-do-domingo-de-lazer-na-orla\/","title":{"rendered":"Prefeitura de Macei\u00f3 autoriza retorno do Domingo de Lazer na orla"},"content":{"rendered":"\n<p>*Com informa\u00e7\u00f5es e imagem: assessoria<\/p>\n\n\n\n<p>O Domingo de Lazer da rua fechada na orla da Ponta Verde est\u00e1 autorizado a partir deste domingo (9), no hor\u00e1rio das 8h \u00e0s 16h. A medida passa a vigorar, ap\u00f3s o decreto estadual de flexibiliza\u00e7\u00e3o (n. 74.017 de 26 de abril de 2021), que libera o uso da praia aos finais de semana.<\/p>\n\n\n\n<p>As tradicionais apresenta\u00e7\u00f5es art\u00edsticas, culturais e esportivas, que promovam aglomera\u00e7\u00e3o, permanecem proibidas.<\/p>\n\n\n\n<p>Para o secret\u00e1rio municipal de Seguran\u00e7a Comunit\u00e1ria e Conv\u00edvio Social (Semscs), Thiago Prado, o Projeto Domingo de Lazer \u00e9 importante para o conv\u00edvio Social dos maceioenses e estimula a economia local. \u201cCom a libera\u00e7\u00e3o das praias aos finais de semana, n\u00f3s entendemos que era importante tamb\u00e9m liberar esse Projeto do munic\u00edpio, que faz bem a tanta gente\u201d, informou o secret\u00e1rio.<\/p>\n\n\n\n<p>A rua fechada conta com aproximadamente 800 metros de \u00e1rea \u00fatil. No local, h\u00e1 um espa\u00e7o destinado \u00e0 pr\u00e1tica esportiva, com skates, bicicletas e corridas. Outro trecho espec\u00edfico \u00e9 destinado \u00e0s crian\u00e7as, com brinquedos, atividades l\u00fadicas e educativas. O espa\u00e7o tamb\u00e9m \u00e9 muito utilizado para piqueniques.<\/p>\n\n\n\n<p>Todos que frequentam o local devem respeitar todas as medidas de seguran\u00e7a sanit\u00e1ria. A Semscs realizar\u00e1 fiscaliza\u00e7\u00f5es no local para garantir que todas estejam sendo respeitadas.<\/p>\n","protected":false},"excerpt":{"rendered":"<p>*Com informa\u00e7\u00f5es e imagem: assessoria O Domingo de Lazer da rua fechada na orla da Ponta Verde est\u00e1 autorizado a<\/p>\n","protected":false},"author":1,"featured_media":6563,"comment_status":"open","ping_status":"open","sticky":false,"template":"","format":"standard","meta":{"colormag_page_container_layout":"default_layout","colormag_page_sidebar_layout":"default_layout","footnotes":""},"categories":[10],"tags":[37,373,374],"class_list":["post-6562","post","type-post","status-publish","format-standard","has-post-thumbnail","hentry","category-noticias","tag-maceio","tag-orla","tag-rua-fechada"],"aioseo_notices":[],"_links":{"self":[{"href":"https:\/\/portalr3.online\/index.php\/wp-json\/wp\/v2\/posts\/6562","targetHints":{"allow":["GET"]}}],"collection":[{"href":"https:\/\/portalr3.online\/index.php\/wp-json\/wp\/v2\/posts"}],"about":[{"href":"https:\/\/portalr3.online\/index.php\/wp-json\/wp\/v2\/types\/post"}],"author":[{"embeddable":true,"href":"https:\/\/portalr3.online\/index.php\/wp-json\/wp\/v2\/users\/1"}],"replies":[{"embeddable":true,"href":"https:\/\/portalr3.online\/index.php\/wp-json\/wp\/v2\/comments?post=6562"}],"version-history":[{"count":0,"href":"https:\/\/portalr3.online\/index.php\/wp-json\/wp\/v2\/posts\/6562\/revisions"}],"wp:featuredmedia":[{"embeddable":true,"href":"https:\/\/portalr3.online\/index.php\/wp-json\/wp\/v2\/media\/6563"}],"wp:attachment":[{"href":"https:\/\/portalr3.online\/index.php\/wp-json\/wp\/v2\/media?parent=6562"}],"wp:term":[{"taxonomy":"category","embeddable":true,"href":"https:\/\/portalr3.online\/index.php\/wp-json\/wp\/v2\/categories?post=6562"},{"taxonomy":"post_tag","embeddable":true,"href":"https:\/\/portalr3.online\/index.php\/wp-json\/wp\/v2\/tags?post=6562"}],"curies":[{"name":"wp","href":"https:\/\/api.w.org\/{rel}","templated":true}]}}