{"id":656,"date":"2021-04-21T12:57:54","date_gmt":"2021-04-21T15:57:54","guid":{"rendered":"https:\/\/redacaolivre.com\/?p=656"},"modified":"2021-04-21T12:57:54","modified_gmt":"2021-04-21T15:57:54","slug":"em-meio-a-pandemia-governo-do-para-investe-r-150-milhoes-em-reforma-de-estadio-2","status":"publish","type":"post","link":"https:\/\/portalr3.online\/index.php\/2021\/04\/21\/em-meio-a-pandemia-governo-do-para-investe-r-150-milhoes-em-reforma-de-estadio-2\/","title":{"rendered":"Em meio \u00e0 pandemia, governo do Par\u00e1 investe R$ 150 milh\u00f5es em reforma de Est\u00e1dio"},"content":{"rendered":"\n<p>O governador do Par\u00e1, Helder Barbalho (MDB-PA), vai investir aproximadamente R$ 150 milh\u00f5es na reforma do Est\u00e1dio do Mangueir\u00e3o. A ordem de servi\u00e7o para a obra foi assinada em 26 de fevereiro deste ano.<\/p>\n\n\n\n<p>De acordo com os<strong>&nbsp;dados do pr\u00f3prio governo estadual<\/strong>, o or\u00e7amento previsto \u00e9 de R$ 146.983.028,29. A capacidade de p\u00fablico tamb\u00e9m ser\u00e1 ampliada para mais de 50 mil pessoas.<\/p>\n\n\n\n<p>O chefe do executivo estadual inclusive j\u00e1&nbsp;<strong>viajou ao Rio de Janeiro&nbsp;<\/strong>para uma reuni\u00e3o com membros da Confedera\u00e7\u00e3o Brasileira de Futebol (CBF), e manifestou o interesse de promover uma partida de futebol da sele\u00e7\u00e3o brasileira em 2022, na reinaugura\u00e7\u00e3o do Est\u00e1dio.<\/p>\n\n\n\n<p>As obras foram anunciadas em meio \u00e0 pandemia do v\u00edrus chin\u00eas e ocorrem enquanto o governador Barbalho \u00e9 alvo de esc\u00e2ndalos por poss\u00edveis irregularidades na gest\u00e3o da crise sanit\u00e1ria.<\/p>\n\n\n\n<p>Como&nbsp;noticiou, Helder Barbalho foi alvo da Opera\u00e7\u00e3o&nbsp;<em>Para Bellum<\/em>, da Pol\u00edcia Federal, que apura fraudes na compra de respiradores pelo governo do Par\u00e1 mediante dispensa de licita\u00e7\u00e3o.<\/p>\n\n\n\n<p>A compra dos respiradores custou ao estado do Par\u00e1 o valor de R$ 50.4 milh\u00f5es. Desse total, metade do pagamento foi feito \u00e0 empresa fornecedora dos equipamentos de forma antecipada, sendo que os respiradores, al\u00e9m de sofrerem grande atraso na entrega, eram de modelo diferente do contratado e inserv\u00edveis para o tratamento da Covid-19. Os aparelhos acabaram sendo devolvidos.<\/p>\n\n\n\n<p>O Minist\u00e9rio P\u00fablico do Par\u00e1 (MPPA) j\u00e1 pediu o&nbsp;afastamento do governador&nbsp;por improbidade administrativa e a Justi\u00e7a determinou na semana passada o&nbsp;bloqueio de bens&nbsp;que est\u00e3o em nome de Helder Barbalho.<\/p>\n\n\n\n<p>Neste domingo (18) o governo foi alvo de mais uma pol\u00eamica: dezenove&nbsp;respiradores foram encontrados&nbsp;no Hospital Abelardo Santos, em Bel\u00e9m, escondidos dentro de uma parede falsa.<\/p>\n\n\n\n<p>Em entrevista ao Boletim da Manh\u00e3 desta segunda-feira (19), David Mafra, paraense que por meio das redes sociais fez com que o caso dos respiradores escondidos ganhasse repercuss\u00e3o, falou sobre a reforma no est\u00e1dio.<\/p>\n\n\n\n<p>\u201cEm plena pandemia, com pessoas morrendo, gente sem estrutura m\u00ednima para viver, o estado carente de quase tudo, o governador est\u00e1 investindo na reforma do est\u00e1dio\u201d, diz. \u201cPara se ter uma ideia, temos a cidade de Ananindeua, perto de Bel\u00e9m, que tem apenas 2% de uma popula\u00e7\u00e3o de mais de 500 mil habitantes com acesso a esgoto. \u00c9 segunda maior cidade do estado do Par\u00e1 e apenas 2% da popula\u00e7\u00e3o t\u00eam acesso ao esgoto\u201d, acrescentou Mafra.<\/p>\n\n\n\n<p>O Ter\u00e7a Livre questionou o Governo do Par\u00e1 sobre as obras e aguarda resposta.<\/p>\n\n\n\n<p><strong>Respiradores escondidos<\/strong><\/p>\n\n\n\n<p>O caso envolvendo 19 respiradores escondidos em hospital do Par\u00e1 ganhou repercuss\u00e3o neste domingo (19). A den\u00fancia foi originalmente&nbsp;publicada em mar\u00e7o&nbsp;pelo jornalista independente Olavo Dutra, que \u00e9 de Bel\u00e9m, mas n\u00e3o repercutiu na imprensa.<\/p>\n\n\n\n<p>\u201cNo Par\u00e1 h\u00e1 muitos casos assim [que n\u00e3o repercutem de forma nacional], se voc\u00eas derem uma passada no meu perfil, ver\u00e3o cada caso escandaloso, ir\u00e3o se escandalizar muito mais at\u00e9 do que por esse caso dos respiradores, mas, enfim, n\u00e3o temos holofotes. Essa regi\u00e3o Norte \u00e9 esquecida pelo resto do Brasil\u201d, lamentou David Mafra.<\/p>\n","protected":false},"excerpt":{"rendered":"<p>O governador do Par\u00e1, Helder Barbalho (MDB-PA), vai investir aproximadamente R$ 150 milh\u00f5es na reforma do Est\u00e1dio do Mangueir\u00e3o. A<\/p>\n","protected":false},"author":1,"featured_media":663,"comment_status":"closed","ping_status":"closed","sticky":false,"template":"","format":"standard","meta":{"colormag_page_container_layout":"default_layout","colormag_page_sidebar_layout":"default_layout","footnotes":""},"categories":[16],"tags":[],"class_list":["post-656","post","type-post","status-publish","format-standard","has-post-thumbnail","hentry","category-politica"],"aioseo_notices":[],"_links":{"self":[{"href":"https:\/\/portalr3.online\/index.php\/wp-json\/wp\/v2\/posts\/656","targetHints":{"allow":["GET"]}}],"collection":[{"href":"https:\/\/portalr3.online\/index.php\/wp-json\/wp\/v2\/posts"}],"about":[{"href":"https:\/\/portalr3.online\/index.php\/wp-json\/wp\/v2\/types\/post"}],"author":[{"embeddable":true,"href":"https:\/\/portalr3.online\/index.php\/wp-json\/wp\/v2\/users\/1"}],"replies":[{"embeddable":true,"href":"https:\/\/portalr3.online\/index.php\/wp-json\/wp\/v2\/comments?post=656"}],"version-history":[{"count":0,"href":"https:\/\/portalr3.online\/index.php\/wp-json\/wp\/v2\/posts\/656\/revisions"}],"wp:featuredmedia":[{"embeddable":true,"href":"https:\/\/portalr3.online\/index.php\/wp-json\/wp\/v2\/media\/663"}],"wp:attachment":[{"href":"https:\/\/portalr3.online\/index.php\/wp-json\/wp\/v2\/media?parent=656"}],"wp:term":[{"taxonomy":"category","embeddable":true,"href":"https:\/\/portalr3.online\/index.php\/wp-json\/wp\/v2\/categories?post=656"},{"taxonomy":"post_tag","embeddable":true,"href":"https:\/\/portalr3.online\/index.php\/wp-json\/wp\/v2\/tags?post=656"}],"curies":[{"name":"wp","href":"https:\/\/api.w.org\/{rel}","templated":true}]}}