{"id":6515,"date":"2021-05-07T10:21:58","date_gmt":"2021-05-07T13:21:58","guid":{"rendered":"https:\/\/portalnarede.com.br\/?p=6515"},"modified":"2021-05-07T10:21:58","modified_gmt":"2021-05-07T13:21:58","slug":"jhc-anuncia-dois-corujao-da-vacina-e-ampliacao-da-imunizacao-contra-a-covid-19-para-outros-grupos","status":"publish","type":"post","link":"https:\/\/portalr3.online\/index.php\/2021\/05\/07\/jhc-anuncia-dois-corujao-da-vacina-e-ampliacao-da-imunizacao-contra-a-covid-19-para-outros-grupos\/","title":{"rendered":"JHC anuncia dois &#8220;Coruj\u00e3o da Vacina&#8221; e amplia\u00e7\u00e3o da imuniza\u00e7\u00e3o contra a Covid-19 para outros grupos"},"content":{"rendered":"\n<p><em>Foto assessoria: vacina\u00e7\u00e3o<\/em><\/p>\n\n\n\n<p><em>*Jo\u00e3o Pedro Magnani &#8211; estagi\u00e1rio sob supervis\u00e3o <\/em><\/p>\n\n\n\n<p>O prefeito de Macei\u00f3 JHC comunicou, na manh\u00e3 desta sexta-feira (07), o planejamento da imuniza\u00e7\u00e3o contra o novo coronav\u00edrus para este final de semana. Por meio de sua rede social, ele anunciou a amplia\u00e7\u00e3o para novos grupos e dois outro coruj\u00f5es de vacina\u00e7\u00e3o.<\/p>\n\n\n\n<p>De acordo com o comunicado publicado na rede social do prefeito da capital alagoana, trabalhadores da sa\u00fade com 25 anos ou mais e pessoas com comorbidades a partir de 35 anos j\u00e1 podem comparecer a um dos oitos pontos de vacina\u00e7\u00e3o contra a Covid-19 para a imuniza\u00e7\u00e3o.<\/p>\n\n\n\n<p>Al\u00e9m disto, JHC informou ocorrer\u00e3o dois \u201cCoruj\u00e3o da Vacina\u201d, implantado de forma inovadora por Macei\u00f3 e utilizado por outras cidades Brasil. Um deles est\u00e1 marcado para hoje e o outro para esse s\u00e1bado (08), das 9h \u00e0s 21h nos drive-thrus.<\/p>\n\n\n\n<p>Vale lembrar que \u00e9 essencial se fazer presente ao ponto de vacina\u00e7\u00e3o com documento com foto e CPF; comprovante de resid\u00eancia (com c\u00f3pia); no caso de comorbidade, documento de comprova\u00e7\u00e3o (com c\u00f3pia) e os trabalhadores de sa\u00fade devem levar comprova\u00e7\u00e3o de atua\u00e7\u00e3o na \u00e1rea (com c\u00f3pia).<\/p>\n\n\n\n<p>At\u00e9 essa quinta-feira (06), 257,375 mil pessoas foram vacinadas em Macei\u00f3.<\/p>\n","protected":false},"excerpt":{"rendered":"<p>Foto assessoria: vacina\u00e7\u00e3o *Jo\u00e3o Pedro Magnani &#8211; estagi\u00e1rio sob supervis\u00e3o O prefeito de Macei\u00f3 JHC comunicou, na manh\u00e3 desta sexta-feira<\/p>\n","protected":false},"author":1,"featured_media":3762,"comment_status":"open","ping_status":"open","sticky":false,"template":"","format":"standard","meta":{"colormag_page_container_layout":"default_layout","colormag_page_sidebar_layout":"default_layout","footnotes":""},"categories":[10],"tags":[341,82,267,140],"class_list":["post-6515","post","type-post","status-publish","format-standard","has-post-thumbnail","hentry","category-noticias","tag-corujao","tag-covid-19","tag-imunizacao","tag-jhc"],"aioseo_notices":[],"_links":{"self":[{"href":"https:\/\/portalr3.online\/index.php\/wp-json\/wp\/v2\/posts\/6515","targetHints":{"allow":["GET"]}}],"collection":[{"href":"https:\/\/portalr3.online\/index.php\/wp-json\/wp\/v2\/posts"}],"about":[{"href":"https:\/\/portalr3.online\/index.php\/wp-json\/wp\/v2\/types\/post"}],"author":[{"embeddable":true,"href":"https:\/\/portalr3.online\/index.php\/wp-json\/wp\/v2\/users\/1"}],"replies":[{"embeddable":true,"href":"https:\/\/portalr3.online\/index.php\/wp-json\/wp\/v2\/comments?post=6515"}],"version-history":[{"count":0,"href":"https:\/\/portalr3.online\/index.php\/wp-json\/wp\/v2\/posts\/6515\/revisions"}],"wp:featuredmedia":[{"embeddable":true,"href":"https:\/\/portalr3.online\/index.php\/wp-json\/"}],"wp:attachment":[{"href":"https:\/\/portalr3.online\/index.php\/wp-json\/wp\/v2\/media?parent=6515"}],"wp:term":[{"taxonomy":"category","embeddable":true,"href":"https:\/\/portalr3.online\/index.php\/wp-json\/wp\/v2\/categories?post=6515"},{"taxonomy":"post_tag","embeddable":true,"href":"https:\/\/portalr3.online\/index.php\/wp-json\/wp\/v2\/tags?post=6515"}],"curies":[{"name":"wp","href":"https:\/\/api.w.org\/{rel}","templated":true}]}}