{"id":6500,"date":"2021-05-07T04:07:20","date_gmt":"2021-05-07T07:07:20","guid":{"rendered":"https:\/\/portalnarede.com.br\/?p=6500"},"modified":"2021-05-07T04:07:20","modified_gmt":"2021-05-07T07:07:20","slug":"brasil-atinge-marca-de-15-milhoes-de-infectados-por-covid-19-alagoas-esta-entre-os-estados-com-menos-obitos","status":"publish","type":"post","link":"https:\/\/portalr3.online\/index.php\/2021\/05\/07\/brasil-atinge-marca-de-15-milhoes-de-infectados-por-covid-19-alagoas-esta-entre-os-estados-com-menos-obitos\/","title":{"rendered":"Brasil atinge marca de 15 milh\u00f5es de infectados por Covid-19; Alagoas est\u00e1 entre os estados com menos \u00f3bitos"},"content":{"rendered":"\n<p><strong><em>Nas \u00faltimas 24 horas foram mais de 73 mil casos confirmados<\/em><\/strong><\/p>\n\n\n\n<p>Em menos de 2 anos de pandemia, a Covid-19  se consolida como a doen\u00e7a de maior impacto em territ\u00f3rio nacional. O Brasil superou a marca de 15 milh\u00f5es de pessoas infectadas com o coronav\u00edrus desde o primeiro caso, em fevereiro de 2020. Nas \u00faltimas 24 horas, foram confirmados 73.380 novos diagn\u00f3sticos positivos. Com isso, o total de casos acumulados chegou a 15.003.563. Ontem, o sistema de dados da pandemia estava em 14.930.183.<img decoding=\"async\" src=\"https:\/\/agenciabrasil.ebc.com.br\/ebc.png?id=1408970&amp;o=node\"><img decoding=\"async\" src=\"https:\/\/agenciabrasil.ebc.com.br\/ebc.gif?id=1408970&amp;o=node\"><\/p>\n\n\n\n<p>Em territ\u00f3rio nacional a pandemia de Covid-19 j\u00e1 ultrapassou a de gripe espanhola, que entre 1918 e 1920 infectou 10 milh\u00f5es de pessoas e matou 35 mil. A Covid-19 chega a 15 milh\u00f5es de infectados e  mais de 416 mil mortes  em 1 ano e 2 meses de pandemia. E os dados continuam a crescer.<\/p>\n\n\n\n<p>Ainda h\u00e1 no pa\u00eds 995.279 casos em acompanhamento. O termo \u00e9 empregado para as pessoas infectadas e com casos ativos de contamina\u00e7\u00e3o pelo novo coronav\u00edrus.<\/p>\n\n\n\n<p>J\u00e1 o total de vidas perdidas para a pandemia subiu para 416.949. Ontem e hoje, foram registradas mais 2.550 mortes. O sistema de dados do Minist\u00e9rio da Sa\u00fade registrava ontem 414.399 mortes pela doen\u00e7a.<\/p>\n\n\n\n<p>Ainda h\u00e1 3.693 \u00f3bitos em investiga\u00e7\u00e3o. Isso ocorre porque h\u00e1 casos em que um paciente morre, mas a causa continua sendo apurada mesmo ap\u00f3s a declara\u00e7\u00e3o do \u00f3bito.<\/p>\n\n\n\n<p>Conforme a atualiza\u00e7\u00e3o desta quinta-feira, o Brasil tem 13.591.335 pessoas que se recuperaram da covid-19 desde o in\u00edcio da pandemia. Isso equivale a 90,6% do total de pessoas que foram infectadas com o v\u00edrus.<\/p>\n\n\n\n<p>Os n\u00fameros s\u00e3o em geral mais baixos aos domingos e segundas-feiras em raz\u00e3o da menor quantidade de funcion\u00e1rios das equipes de sa\u00fade para realizar a alimenta\u00e7\u00e3o dos dados nos fins de semana. J\u00e1 \u00e0s ter\u00e7as-feiras os resultados tendem a ser maiores pelo envio dos dados acumulados.<\/p>\n\n\n\n<h2 class=\"wp-block-heading\">Estados<\/h2>\n\n\n\n<p>O estado que registra mais mortes pela covid-19 \u00e9 S\u00e3o Paulo (99.406). Em seguida, v\u00eam Rio de Janeiro (45.914), Minas Gerais (35.165), Rio Grande do Sul (25.668) e Paran\u00e1 (23.493).<\/p>\n\n\n\n<p>J\u00e1 na parte de baixo da lista, com menos vidas perdidas para a pandemia, est\u00e3o Roraima (1.533), Acre (1.568), Amap\u00e1 (1.573), Tocantins (2.630) e Alagoas (4.329).<\/p>\n","protected":false},"excerpt":{"rendered":"<p>Nas \u00faltimas 24 horas foram mais de 73 mil casos confirmados Em menos de 2 anos de pandemia, a Covid-19<\/p>\n","protected":false},"author":1,"featured_media":4846,"comment_status":"open","ping_status":"open","sticky":false,"template":"","format":"standard","meta":{"colormag_page_container_layout":"default_layout","colormag_page_sidebar_layout":"default_layout","footnotes":""},"categories":[107],"tags":[285,82,336,337,338,177],"class_list":["post-6500","post","type-post","status-publish","format-standard","has-post-thumbnail","hentry","category-brasil","tag-brasil","tag-covid-19","tag-gripe-espanhola","tag-infectados","tag-numeros-covid","tag-pandemia"],"aioseo_notices":[],"_links":{"self":[{"href":"https:\/\/portalr3.online\/index.php\/wp-json\/wp\/v2\/posts\/6500","targetHints":{"allow":["GET"]}}],"collection":[{"href":"https:\/\/portalr3.online\/index.php\/wp-json\/wp\/v2\/posts"}],"about":[{"href":"https:\/\/portalr3.online\/index.php\/wp-json\/wp\/v2\/types\/post"}],"author":[{"embeddable":true,"href":"https:\/\/portalr3.online\/index.php\/wp-json\/wp\/v2\/users\/1"}],"replies":[{"embeddable":true,"href":"https:\/\/portalr3.online\/index.php\/wp-json\/wp\/v2\/comments?post=6500"}],"version-history":[{"count":0,"href":"https:\/\/portalr3.online\/index.php\/wp-json\/wp\/v2\/posts\/6500\/revisions"}],"wp:featuredmedia":[{"embeddable":true,"href":"https:\/\/portalr3.online\/index.php\/wp-json\/"}],"wp:attachment":[{"href":"https:\/\/portalr3.online\/index.php\/wp-json\/wp\/v2\/media?parent=6500"}],"wp:term":[{"taxonomy":"category","embeddable":true,"href":"https:\/\/portalr3.online\/index.php\/wp-json\/wp\/v2\/categories?post=6500"},{"taxonomy":"post_tag","embeddable":true,"href":"https:\/\/portalr3.online\/index.php\/wp-json\/wp\/v2\/tags?post=6500"}],"curies":[{"name":"wp","href":"https:\/\/api.w.org\/{rel}","templated":true}]}}