{"id":6495,"date":"2021-05-06T19:33:15","date_gmt":"2021-05-06T22:33:15","guid":{"rendered":"https:\/\/portalnarede.com.br\/?p=6495"},"modified":"2021-05-06T19:33:15","modified_gmt":"2021-05-06T22:33:15","slug":"sesau-inicia-vacinacao-de-gestantes-puerperas-e-transplantados-com-a-vacina-pfizer","status":"publish","type":"post","link":"https:\/\/portalr3.online\/index.php\/2021\/05\/06\/sesau-inicia-vacinacao-de-gestantes-puerperas-e-transplantados-com-a-vacina-pfizer\/","title":{"rendered":"Sesau inicia vacina\u00e7\u00e3o de gestantes, pu\u00e9rperas e transplantados com a vacina Pfizer"},"content":{"rendered":"\n<p>*Com informa\u00e7\u00f5es e foto: assessoria<\/p>\n\n\n\n<p>A chegada das vacinas contra a Covid-19 sempre traz esperan\u00e7a. Mesmo diante das dificuldades em \u00e2mbito nacional na corrida para a produ\u00e7\u00e3o e compra dos imunizantes, Alagoas avan\u00e7a na vacina\u00e7\u00e3o a cada novo lote recebido. A vacina da Pfizer estava sendo muito aguardada para dar in\u00edcio a imuniza\u00e7\u00e3o de gestantes, pu\u00e9rperas e transplantados, o que j\u00e1 ocorre com a utiliza\u00e7\u00e3o das 7.020 doses recebidas pelo Estado. A Secretaria de Estado da Sa\u00fade realiza a imuniza\u00e7\u00e3o do grupo atrav\u00e9s de agendamento.<\/p>\n\n\n\n<p>O imunobiol\u00f3gico est\u00e1 sendo destinado a imunizar gestantes e pu\u00e9rperas com comorbidades, a partir de 18 anos de idade; gestantes e pu\u00e9rperas sem comorbidades, a partir dos 35 anos; e pessoas transplantadas a partir dos 18 anos. Esse grupo priorit\u00e1rio est\u00e1 sendo imunizado, mediante agendamento no endere\u00e7o eletr\u00f4nico\u00a0<a href=\"http:\/\/covid19.saude.al.gov.br\/agendavacina\" rel=\"noreferrer noopener\" target=\"_blank\">covid19.saude.al.gov.br\/agendavacina<\/a>, em tr\u00eas pontos de vacina\u00e7\u00e3o definidos pela Sesau.<\/p>\n\n\n\n<figure class=\"wp-block-image\"><img decoding=\"async\" src=\"https:\/\/www.saude.al.gov.br\/wp-content\/uploads\/2021\/05\/vacinacao-PFIZER-HMETRO-foto-Carla-Cleto-29-1024x681.jpg\" alt=\"\" class=\"wp-image-67271\"\/><figcaption>Grupo priorit\u00e1rio para a vacina da Pfizer deve agendar no endere\u00e7o eletr\u00f4nico<strong>&nbsp;<a href=\"http:\/\/covid19.saude.al.gov.br\/agendavacina\" rel=\"noreferrer noopener\" target=\"_blank\">covid19.saude.al.gov.br\/agendavacina<\/a><\/strong><\/figcaption><\/figure>\n\n\n\n<p>Em Macei\u00f3, a vacina\u00e7\u00e3o est\u00e1 ocorrendo no Hospital Metropolitano de Alagoas (HMA) e no Hospital da Mulher (HM). J\u00e1 em Arapiraca, a vacina est\u00e1 sendo aplicada na Central Regional de Armazenamento e Distribui\u00e7\u00e3o de Imunobiol\u00f3gicos, localizado na Rua Maria Xavier de Melo, 102, bairro Cavaco, em Arapiraca.<\/p>\n\n\n\n<p><strong>Orienta\u00e7\u00e3o \u2013<\/strong>&nbsp;A m\u00e9dica infectologista do Hospital Metropolitano de Alagoas (HMA), Glauciane Fernandes, explica que foram feitos estudos com a vacina da Pfizer e o imunobiol\u00f3gico \u00e9 seguro para as gestantes e pu\u00e9rperas, trazendo imunidade contra a doen\u00e7a, tanto para a mulher como para o beb\u00ea.<\/p>\n\n\n\n<p>\u201cAs gestantes, pu\u00e9rperas e transplantados possuem um sistema imunol\u00f3gico fragilizado em decorr\u00eancia da condi\u00e7\u00e3o de sa\u00fade deles e, por causa disso, os pacientes desse grupo priorit\u00e1rio apresentam maiores complica\u00e7\u00f5es em decorr\u00eancia da Covid-19. Com a aplica\u00e7\u00e3o da primeira dose, caso esse p\u00fablico alvo venha contrair o v\u00edrus, eles&nbsp;ter\u00e3o a forma mais leve da doen\u00e7a, evitando tamb\u00e9m a hospitaliza\u00e7\u00e3o\u201d, salientou.<\/p>\n\n\n\n<p>Ainda segundo a m\u00e9dica, outra vantagem para as mam\u00e3es \u00e9 saber que, de acordo com testes, certa quantidade de anticorpos passa para a crian\u00e7a atrav\u00e9s do leite materno e via placenta, protegendo o beb\u00ea. \u201cMas, para&nbsp;ter&nbsp;a imunidade completa com a vacina da Pfizer, \u00e9 preciso receber a aplica\u00e7\u00e3o de duas doses, com um intervalo de 12 semanas\u201d, pontuou.<\/p>\n\n\n\n<figure class=\"wp-block-image\"><img decoding=\"async\" src=\"https:\/\/www.saude.al.gov.br\/wp-content\/uploads\/2021\/05\/vacinacao-PFIZER-HMETRO-foto-Carla-Cleto-8-1024x681.jpg\" alt=\"\" class=\"wp-image-67272\"\/><figcaption><strong>Vacina da Pfizer est\u00e1 sendo aplicada apenas em Macei\u00f3 e Arapiraca, em raz\u00e3o da temperatura<\/strong><\/figcaption><\/figure>\n\n\n\n<p><strong>Hospital Metropolitano \u2013&nbsp;<\/strong>No primeiro dia de vacina\u00e7\u00e3o deste grupo priorit\u00e1rio, a pu\u00e9rpera Emanuelle Albuquerque, de 35 anos, m\u00e3e do pequeno Jo\u00e3o Vinicius Albuquerque, de apenas 18 dias de vida, foi ao Hospital Metropolitano de Alagoas e recebeu a primeira dose da vacina Pfizer. Segundo relatou, a ansiedade era t\u00e3o grande que, na noite anterior, chegou a&nbsp;ter&nbsp;pesadelo. Ela sonhou que o marido, Bruno Pessoa, n\u00e3o tinha conseguido lev\u00e1-la at\u00e9 a unidade hospitalar para ser vacinada.<\/p>\n\n\n\n<p>\u201cEstamos muito felizes, sou imensamente grata a ci\u00eancia, grata ao SUS [Sistema \u00danico de Sa\u00fade]. A gravidez do Vin\u00edcius foi planejada, mesmo em meio \u00e0 pandemia, e n\u00e3o foi f\u00e1cil&nbsp;ter&nbsp;que ir em hospitais para fazer os exames, mas, sempre tomamos os cuidados necess\u00e1rios e n\u00e3o contra\u00edmos o v\u00edrus\u201d, ressaltou.<\/p>\n\n\n\n<p>A mam\u00e3e ainda evidenciou o sentimento de tamb\u00e9m estar imunizando o filho. \u201cEssa \u00e9 a alegria de toda m\u00e3e.&nbsp;Hoje&nbsp;estou aqui recebendo a vacina e protegendo o meu garotinho. O meu desejo \u00e9 que mais pessoas possam ser imunizadas para sentir o que estou sentindo agora. Mas, enquanto esse dia n\u00e3o chega, precisamos continuar com o uso de m\u00e1scara, higieniza\u00e7\u00e3o das m\u00e3os e distanciamento social. \u00c9 isso que vamos continuar fazendo, mesmo depois de&nbsp;ter&nbsp;tomado a primeira dose da vacina\u201d, disse Emanuelle Albuquerque, que \u00e9 professora universit\u00e1ria.<\/p>\n\n\n\n<figure class=\"wp-block-image\"><img decoding=\"async\" src=\"https:\/\/www.saude.al.gov.br\/wp-content\/uploads\/2021\/05\/Italo-Marques-transplantado-ha-nove-anos-tomou-a-primeira-dose-da-Pfizer-no-Hospital-Metropolitano_FOTO_Carla-Cleto-2-1024x681.jpg\" alt=\"\" class=\"wp-image-67266\"\/><figcaption><strong>\u00cdtalo Marques, transplantado h\u00e1 nove anos, tomou a primeira dose da Pfizer no Hospital Metropolitano<\/strong><\/figcaption><\/figure>\n\n\n\n<p>Quem tamb\u00e9m n\u00e3o perdeu tempo e foi ao HMA em busca de prote\u00e7\u00e3o contra a Covid-19, logo no primeiro dia da vacina\u00e7\u00e3o, foi \u00cdtalo Marques, de 28 anos, transplantado h\u00e1 nove. \u201c\u00c9 um al\u00edvio enorme estar sendo imunizado. Durante toda a pandemia fiquei cauteloso, sempre tomando os cuidados necess\u00e1rios, mas, no come\u00e7o do ano fui diagnosticado com a Covid-19, foram somente sintomas leves e,&nbsp;hoje, estou curado. O avan\u00e7o da vacina\u00e7\u00e3o nos faz&nbsp;ter&nbsp;esperan\u00e7a em que dias melhores vir\u00e3o e, aos poucos, vamos poder voltar \u00e0 normalidade\u201d, salientou, esperan\u00e7oso.<\/p>\n\n\n\n<p><strong>Hospital da Mulher \u2013&nbsp;<\/strong>No HM, Marina Francelino da Silva, de 23 anos, foi uma das primeiras a receber a vacina da Pfizer, que tem uma taxa de 92% de efic\u00e1cia no combate ao novo coronav\u00edrus. Aos 12 anos, a jovem foi diagnosticada com ceratocone, doen\u00e7a ocular caracterizada pelo afinamento da c\u00f3rnea, que perde a sua forma original arredondada e passar a&nbsp;ter&nbsp;um formato de cone. Com a vis\u00e3o debilitada, ela teve que ser submetida a um transplante de c\u00f3rnea no olho esquerdo h\u00e1 um ano e dois meses.<\/p>\n\n\n\n<figure class=\"wp-block-image\"><img decoding=\"async\" src=\"https:\/\/www.saude.al.gov.br\/wp-content\/uploads\/2021\/05\/Transplantada-de-uma-das-corneas-Marina-Francelino-da-Silva-tomou-a-primeira-dose-da-vacina-Pfizer-nesta-quinta-6_FOTO_Thiago-Duarte-3.jpeg\" alt=\"\" class=\"wp-image-67270\"\/><figcaption><strong>Transplantada de uma das c\u00f3rneas, Marina Francelino da Silva tomou a primeira dose da vacina Pfizer nesta&nbsp;quinta&nbsp;(6)<\/strong><\/figcaption><\/figure>\n\n\n\n<p>\u201c\u00c9 muito importante tomar a vacina, pois a gente que tem o ceratocone fica co\u00e7ando os olhos o tempo todo. Me operei de um olho, mas falta fazer a cirurgia do outro. Embora a principal via de cont\u00e1gio seja respirat\u00f3ria, os nossos olhos podem servir tanto como porta de entrada, quanto como reservat\u00f3rio do novo coronav\u00edrus\u201d, disse Marina, que \u00e9 t\u00e9cnica de enfermagem, mas, devido a doen\u00e7a, nunca p\u00f4de exercer sua profiss\u00e3o.<\/p>\n\n\n\n<p>\u201cA gente sabe que a vacina \u00e9 uma garantia maior para o nosso organismo, a fim de que ele fique protegido contra essa doen\u00e7a. Quem tiver a oportunidade de ficar imunizado, fa\u00e7a isso. A imuniza\u00e7\u00e3o n\u00e3o ajuda s\u00f3 voc\u00ea, mas sua fam\u00edlia e toda a popula\u00e7\u00e3o\u201d, disse Jos\u00e9 Nivaldo, de 52 anos, que \u00e9 um transplantado card\u00edaco h\u00e1 quatro anos.<\/p>\n\n\n\n<figure class=\"wp-block-image\"><img decoding=\"async\" src=\"https:\/\/www.saude.al.gov.br\/wp-content\/uploads\/2021\/05\/Jose-Nivaldo-transplantado-cardiaco-ha-quatro-ano-tomou-a-primeira-dose-da-vacina-da-Pfizer-no-HM_FOTO_-Thiago-Duarte-4.jpeg\" alt=\"\" class=\"wp-image-67267\"\/><figcaption><strong>Jos\u00e9 Nivaldo, transplantado card\u00edaco h\u00e1 quatro ano, tomou a primeira dose da vacina da Pfizer no HM<\/strong><\/figcaption><\/figure>\n\n\n\n<p>O sentimento de felicidade tamb\u00e9m foi compartilhado pela futura mam\u00e3e Liana Lamenha, de 40 anos, que est\u00e1 com 32 semanas de gesta\u00e7\u00e3o. Ela, que j\u00e1 \u00e9 m\u00e3e de dois meninos, espera, ansiosa, por Vin\u00edcius, que ser\u00e1 seu terceiro filho.<\/p>\n\n\n\n<p>O Dia das M\u00e3es, celebrado no\u00a0domingo\u00a0(9), ser\u00e1, para Liana, um momento muito especial. Primeiro, pelo fato de ela carregar em seu ventre uma crian\u00e7a e, segundo, em raz\u00e3o de ela j\u00e1\u00a0ter\u00a0recebido a primeira dose da vacina Pfizer. \u201cN\u00e3o tinha presentes melhores para eu\u00a0ter\u00a0neste momento da minha vida: meu filho e a vacina. \u00c9 uma emo\u00e7\u00e3o indescrit\u00edvel. Esperei muito por esse momento e, gra\u00e7as a Deus, ele finalmente chegou\u201d, contou ela, emocionada.<\/p>\n","protected":false},"excerpt":{"rendered":"<p>*Com informa\u00e7\u00f5es e foto: assessoria A chegada das vacinas contra a Covid-19 sempre traz esperan\u00e7a. Mesmo diante das dificuldades em<\/p>\n","protected":false},"author":1,"featured_media":6496,"comment_status":"open","ping_status":"open","sticky":false,"template":"","format":"standard","meta":{"colormag_page_container_layout":"default_layout","colormag_page_sidebar_layout":"default_layout","footnotes":""},"categories":[10],"tags":[47,82,267,289,110],"class_list":["post-6495","post","type-post","status-publish","format-standard","has-post-thumbnail","hentry","category-noticias","tag-alagoas","tag-covid-19","tag-imunizacao","tag-pfizer","tag-vacina"],"aioseo_notices":[],"_links":{"self":[{"href":"https:\/\/portalr3.online\/index.php\/wp-json\/wp\/v2\/posts\/6495","targetHints":{"allow":["GET"]}}],"collection":[{"href":"https:\/\/portalr3.online\/index.php\/wp-json\/wp\/v2\/posts"}],"about":[{"href":"https:\/\/portalr3.online\/index.php\/wp-json\/wp\/v2\/types\/post"}],"author":[{"embeddable":true,"href":"https:\/\/portalr3.online\/index.php\/wp-json\/wp\/v2\/users\/1"}],"replies":[{"embeddable":true,"href":"https:\/\/portalr3.online\/index.php\/wp-json\/wp\/v2\/comments?post=6495"}],"version-history":[{"count":0,"href":"https:\/\/portalr3.online\/index.php\/wp-json\/wp\/v2\/posts\/6495\/revisions"}],"wp:featuredmedia":[{"embeddable":true,"href":"https:\/\/portalr3.online\/index.php\/wp-json\/wp\/v2\/media\/6496"}],"wp:attachment":[{"href":"https:\/\/portalr3.online\/index.php\/wp-json\/wp\/v2\/media?parent=6495"}],"wp:term":[{"taxonomy":"category","embeddable":true,"href":"https:\/\/portalr3.online\/index.php\/wp-json\/wp\/v2\/categories?post=6495"},{"taxonomy":"post_tag","embeddable":true,"href":"https:\/\/portalr3.online\/index.php\/wp-json\/wp\/v2\/tags?post=6495"}],"curies":[{"name":"wp","href":"https:\/\/api.w.org\/{rel}","templated":true}]}}