{"id":6492,"date":"2021-05-06T19:25:02","date_gmt":"2021-05-06T22:25:02","guid":{"rendered":"https:\/\/portalnarede.com.br\/?p=6492"},"modified":"2021-05-06T19:25:02","modified_gmt":"2021-05-06T22:25:02","slug":"cpi-da-pandemia-os-depoimentos-foram-excelentes-porque-confirmaram-situacoes-afirma-senador-renan-apos-uma-semana-de-trabalhos","status":"publish","type":"post","link":"https:\/\/portalr3.online\/index.php\/2021\/05\/06\/cpi-da-pandemia-os-depoimentos-foram-excelentes-porque-confirmaram-situacoes-afirma-senador-renan-apos-uma-semana-de-trabalhos\/","title":{"rendered":"CPI da Covid: \u201cOs depoimentos foram excelentes porque confirmaram situa\u00e7\u00f5es\u201d, diz Renan ap\u00f3s uma semana de trabalhos"},"content":{"rendered":"\n<p>*Com informa\u00e7\u00f5es e foto: asssessoria<\/p>\n\n\n\n<p>A primeira semana de depoimentos da CPI da Pandemia terminou com muitos dados t\u00e9cnicos e novas informa\u00e7\u00f5es que dever\u00e3o ajudar na confec\u00e7\u00e3o do relat\u00f3rio, ao final da Comiss\u00e3o. os ex-ministros da Sa\u00fade, Luiz Henrique Mandetta e Nelson Teich, e o atual, Marcelo Queiroga j\u00e1 foram ouvidos. Para o relator, senador Renan Calheiros, o trabalho tem sido positivo e dentro do esperado.<\/p>\n\n\n\n<p><br>\u201cOs depoimentos foram excelentes porque confirmaram situa\u00e7\u00f5es. N\u00e3o vamos investigar pessoas ou institui\u00e7\u00f5es, vamos investigar fatos. Temos um plano com come\u00e7o, meio e fim, e devemos segui-lo. Caso apare\u00e7a a necessidade de novas convoca\u00e7\u00f5es, vamos fazer, mas \u00e9 a CPI quem define os limites e os objetivos da pr\u00f3pria investiga\u00e7\u00e3o\u201d, afirmou.<\/p>\n\n\n\n<p><br>A CPI ouviu nesta quinta-feira (06) Marcelo Queiroga, titular do Minist\u00e9rio da Sa\u00fade. Al\u00e9m dele, no decorrer da semana tamb\u00e9m estiveram na Comiss\u00e3o os ex-ministros Luiz Henrique Mandetta e Nelson Teich.<\/p>\n\n\n\n<p><br>Para a pr\u00f3xima semana, s\u00e3o esperados na ter\u00e7a-feira (11), a oitiva de Ant\u00f4nio Barra Torres, presidente da Anvisa (Ag\u00eancia Nacional de Vigil\u00e2ncia Sanit\u00e1ria); na quarta-feira (12), do ex-secret\u00e1rio de Comunica\u00e7\u00e3o da Presid\u00eancia F\u00e1bio Wajngarten.<br><\/p>\n\n\n\n<p>Na quinta-feira (13), ser\u00e1 a vez da presidente da Pfizer Brasil, Martha Dias, e do ex-presidente da empresa, Carlos Murillo, e do diplomata e ex-ministro das Rela\u00e7\u00f5es Exteriores, Ernesto Ara\u00fajo.<\/p>\n\n\n\n<p><br>Os trabalhos da Comiss\u00e3o devem durar 90 dias, podendo ser prorrogados.<\/p>\n\n\n\n<p>Ainda de acordo com o senador, apesar de muitos questionamentos feitos em rela\u00e7\u00e3o ao desenrolar do trabalho da Comiss\u00e3o, o papel da CPI \u00e9 investigar de forma imparcial, e principalmente buscar alternativas que possam ajudar a minimizar a situa\u00e7\u00e3o da pandemia no Brasil. <\/p>\n\n\n\n<p>\u201cCaso os trabalhos da Comiss\u00e3o nos leve \u00e0 necessidade de responsabilizar algu\u00e9m, seja quem for, n\u00f3s vamos fazer isso. \u00c9 o nosso papel\u201d, garantiu.<\/p>\n\n\n\n<p><\/p>\n\n\n\n<p><\/p>\n","protected":false},"excerpt":{"rendered":"<p>*Com informa\u00e7\u00f5es e foto: asssessoria A primeira semana de depoimentos da CPI da Pandemia terminou com muitos dados t\u00e9cnicos e<\/p>\n","protected":false},"author":1,"featured_media":6493,"comment_status":"open","ping_status":"open","sticky":false,"template":"","format":"standard","meta":{"colormag_page_container_layout":"default_layout","colormag_page_sidebar_layout":"default_layout","footnotes":""},"categories":[10],"tags":[82,335,177,204],"class_list":["post-6492","post","type-post","status-publish","format-standard","has-post-thumbnail","hentry","category-noticias","tag-covid-19","tag-cpi","tag-pandemia","tag-renan-calheiros"],"aioseo_notices":[],"_links":{"self":[{"href":"https:\/\/portalr3.online\/index.php\/wp-json\/wp\/v2\/posts\/6492","targetHints":{"allow":["GET"]}}],"collection":[{"href":"https:\/\/portalr3.online\/index.php\/wp-json\/wp\/v2\/posts"}],"about":[{"href":"https:\/\/portalr3.online\/index.php\/wp-json\/wp\/v2\/types\/post"}],"author":[{"embeddable":true,"href":"https:\/\/portalr3.online\/index.php\/wp-json\/wp\/v2\/users\/1"}],"replies":[{"embeddable":true,"href":"https:\/\/portalr3.online\/index.php\/wp-json\/wp\/v2\/comments?post=6492"}],"version-history":[{"count":0,"href":"https:\/\/portalr3.online\/index.php\/wp-json\/wp\/v2\/posts\/6492\/revisions"}],"wp:featuredmedia":[{"embeddable":true,"href":"https:\/\/portalr3.online\/index.php\/wp-json\/wp\/v2\/media\/6493"}],"wp:attachment":[{"href":"https:\/\/portalr3.online\/index.php\/wp-json\/wp\/v2\/media?parent=6492"}],"wp:term":[{"taxonomy":"category","embeddable":true,"href":"https:\/\/portalr3.online\/index.php\/wp-json\/wp\/v2\/categories?post=6492"},{"taxonomy":"post_tag","embeddable":true,"href":"https:\/\/portalr3.online\/index.php\/wp-json\/wp\/v2\/tags?post=6492"}],"curies":[{"name":"wp","href":"https:\/\/api.w.org\/{rel}","templated":true}]}}