{"id":6486,"date":"2021-05-06T17:55:19","date_gmt":"2021-05-06T20:55:19","guid":{"rendered":"https:\/\/portalnarede.com.br\/?p=6486"},"modified":"2021-05-06T17:55:19","modified_gmt":"2021-05-06T20:55:19","slug":"marechal-deodoro-motociclista-fica-ferido-em-colisao-com-carro-na-al-215","status":"publish","type":"post","link":"https:\/\/portalr3.online\/index.php\/2021\/05\/06\/marechal-deodoro-motociclista-fica-ferido-em-colisao-com-carro-na-al-215\/","title":{"rendered":"Marechal Deodoro: motociclista fica ferido em colis\u00e3o com carro na AL- 215"},"content":{"rendered":"\n<p>*Gabriel Teixeira &#8211; estagi\u00e1rio sob supervis\u00e3o<br>*Imagem: cortesia<\/p>\n\n\n\n<p>Um acidente envolvendo um carro e uma motocicleta deixou um homem ferido na tarde desta quinta-feira (6), na AL-215, em Marechal Deodoro.<\/p>\n\n\n\n<p>De acordo com o Batalh\u00e3o de Pol\u00edcia Rodovi\u00e1ria (BPRv), a moto &#8211; modelo Honda\/CG 160 Fan &#8211; seguia na AL-215, no sentido Centro de Marechal Deodoro, enquanto o autom\u00f3vel Peugeot\/Hoggar vinha no sentido contr\u00e1rio. O motorista do carro, identificado como Aud\u00e1lio Pimentel de Oliveira J\u00fanior, tentava mudar de faixa, quando colidiu frontalmente com o outro ve\u00edculo.<\/p>\n\n\n\n<p>O condutor da motocicleta, identificado como Jos\u00e9 C\u00edcero Pinto da Silva, ficou ferido e foi encaminhado pelos policiais o Hospital Geral do Estado (HGE), onde deve receber o tratamento m\u00e9dico necess\u00e1rio.<\/p>\n","protected":false},"excerpt":{"rendered":"<p>*Gabriel Teixeira &#8211; estagi\u00e1rio sob supervis\u00e3o*Imagem: cortesia Um acidente envolvendo um carro e uma motocicleta deixou um homem ferido na<\/p>\n","protected":false},"author":1,"featured_media":6488,"comment_status":"open","ping_status":"open","sticky":false,"template":"","format":"standard","meta":{"colormag_page_container_layout":"default_layout","colormag_page_sidebar_layout":"default_layout","footnotes":""},"categories":[22],"tags":[53,332,333,334,57,58],"class_list":["post-6486","post","type-post","status-publish","format-standard","has-post-thumbnail","hentry","category-cidades","tag-acidente","tag-carro","tag-ferido","tag-marec","tag-moto","tag-motociclista"],"aioseo_notices":[],"_links":{"self":[{"href":"https:\/\/portalr3.online\/index.php\/wp-json\/wp\/v2\/posts\/6486","targetHints":{"allow":["GET"]}}],"collection":[{"href":"https:\/\/portalr3.online\/index.php\/wp-json\/wp\/v2\/posts"}],"about":[{"href":"https:\/\/portalr3.online\/index.php\/wp-json\/wp\/v2\/types\/post"}],"author":[{"embeddable":true,"href":"https:\/\/portalr3.online\/index.php\/wp-json\/wp\/v2\/users\/1"}],"replies":[{"embeddable":true,"href":"https:\/\/portalr3.online\/index.php\/wp-json\/wp\/v2\/comments?post=6486"}],"version-history":[{"count":0,"href":"https:\/\/portalr3.online\/index.php\/wp-json\/wp\/v2\/posts\/6486\/revisions"}],"wp:featuredmedia":[{"embeddable":true,"href":"https:\/\/portalr3.online\/index.php\/wp-json\/wp\/v2\/media\/6488"}],"wp:attachment":[{"href":"https:\/\/portalr3.online\/index.php\/wp-json\/wp\/v2\/media?parent=6486"}],"wp:term":[{"taxonomy":"category","embeddable":true,"href":"https:\/\/portalr3.online\/index.php\/wp-json\/wp\/v2\/categories?post=6486"},{"taxonomy":"post_tag","embeddable":true,"href":"https:\/\/portalr3.online\/index.php\/wp-json\/wp\/v2\/tags?post=6486"}],"curies":[{"name":"wp","href":"https:\/\/api.w.org\/{rel}","templated":true}]}}