{"id":6483,"date":"2021-05-06T16:01:59","date_gmt":"2021-05-06T19:01:59","guid":{"rendered":"https:\/\/portalnarede.com.br\/?p=6483"},"modified":"2021-05-06T16:01:59","modified_gmt":"2021-05-06T19:01:59","slug":"policia-civil-faz-apreensao-de-motores-em-ferro-velho-um-homem-foi-preso","status":"publish","type":"post","link":"https:\/\/portalr3.online\/index.php\/2021\/05\/06\/policia-civil-faz-apreensao-de-motores-em-ferro-velho-um-homem-foi-preso\/","title":{"rendered":"Pol\u00edcia Civil faz apreens\u00e3o de motores em ferro-velho; um homem foi preso"},"content":{"rendered":"\n<p>*Com informa\u00e7\u00f5es e imagem: assessoria<\/p>\n\n\n\n<p>A Pol\u00edcia Civil deflagrou na manh\u00e3 desta quinta-feira (6) a Opera\u00e7\u00e3o&nbsp;Pe\u00e7a Certa 3, sob comando do delegado Valter Nascimento, gerente de Pol\u00edcia Judici\u00e1ria da Capital (GPJ 1)&nbsp;e da delegada Maria Angelita, titular da Delegacia Especializada de Roubos e Furtos de Ve\u00edculos e Cargas (DRFVC). A opera\u00e7\u00e3o cumpriu mandados de busca e apreens\u00e3o em ferros velhos na parte alta de Macei\u00f3.<\/p>\n\n\n\n<p>Foram apreendidos dois motores de ve\u00edculos roubados e um homem, de 47 anos,&nbsp;foi preso e levado para a Delegacia Especializada de Roubos e Furtos de Ve\u00edculos e Cargas. Al\u00e9m dos policiais civis da GPJ 1 e DRFVC, a a\u00e7\u00e3o contou com o apoio de equipes do Instituto de Criminal\u00edstica (IC), da&nbsp;Per\u00edcia&nbsp;Oficial de Alagoas.<\/p>\n\n\n\n<p>\u201cOpera\u00e7\u00f5es como esta s\u00e3o muito importantes devido ao seu car\u00e1ter fiscalizador e sobretudo de orienta\u00e7\u00e3o aos comerciantes de pe\u00e7as da regi\u00e3o, visando evitar o com\u00e9rcio ilegal e a recepta\u00e7\u00e3o de pe\u00e7as e ve\u00edculos roubados\u201d, disse a delegada Maria Angelita.<\/p>\n\n\n\n<p>O delegado Valter Nascimento destacou a a\u00e7\u00e3o da DRFVC e disse que trabalhos como este sempre contar\u00e3o com o apoio da equipe de sua Ger\u00eancia &nbsp;e da dire\u00e7\u00e3o da Pol\u00edcia Civil, na pessoa do delegado-geral Carlos Reis.<\/p>\n","protected":false},"excerpt":{"rendered":"<p>*Com informa\u00e7\u00f5es e imagem: assessoria A Pol\u00edcia Civil deflagrou na manh\u00e3 desta quinta-feira (6) a Opera\u00e7\u00e3o&nbsp;Pe\u00e7a Certa 3, sob comando<\/p>\n","protected":false},"author":1,"featured_media":6484,"comment_status":"open","ping_status":"open","sticky":false,"template":"","format":"standard","meta":{"colormag_page_container_layout":"default_layout","colormag_page_sidebar_layout":"default_layout","footnotes":""},"categories":[10],"tags":[329,330,331],"class_list":["post-6483","post","type-post","status-publish","format-standard","has-post-thumbnail","hentry","category-noticias","tag-ferro-velho","tag-policia-civil","tag-prisao"],"aioseo_notices":[],"_links":{"self":[{"href":"https:\/\/portalr3.online\/index.php\/wp-json\/wp\/v2\/posts\/6483","targetHints":{"allow":["GET"]}}],"collection":[{"href":"https:\/\/portalr3.online\/index.php\/wp-json\/wp\/v2\/posts"}],"about":[{"href":"https:\/\/portalr3.online\/index.php\/wp-json\/wp\/v2\/types\/post"}],"author":[{"embeddable":true,"href":"https:\/\/portalr3.online\/index.php\/wp-json\/wp\/v2\/users\/1"}],"replies":[{"embeddable":true,"href":"https:\/\/portalr3.online\/index.php\/wp-json\/wp\/v2\/comments?post=6483"}],"version-history":[{"count":0,"href":"https:\/\/portalr3.online\/index.php\/wp-json\/wp\/v2\/posts\/6483\/revisions"}],"wp:featuredmedia":[{"embeddable":true,"href":"https:\/\/portalr3.online\/index.php\/wp-json\/wp\/v2\/media\/6484"}],"wp:attachment":[{"href":"https:\/\/portalr3.online\/index.php\/wp-json\/wp\/v2\/media?parent=6483"}],"wp:term":[{"taxonomy":"category","embeddable":true,"href":"https:\/\/portalr3.online\/index.php\/wp-json\/wp\/v2\/categories?post=6483"},{"taxonomy":"post_tag","embeddable":true,"href":"https:\/\/portalr3.online\/index.php\/wp-json\/wp\/v2\/tags?post=6483"}],"curies":[{"name":"wp","href":"https:\/\/api.w.org\/{rel}","templated":true}]}}