{"id":6446,"date":"2021-05-06T08:41:06","date_gmt":"2021-05-06T11:41:06","guid":{"rendered":"https:\/\/portalnarede.com.br\/?p=6446"},"modified":"2021-05-06T08:41:06","modified_gmt":"2021-05-06T11:41:06","slug":"jhc-anuncia-via-rede-social-ampliacao-no-plano-de-imunizacao-contra-a-covid-19","status":"publish","type":"post","link":"https:\/\/portalr3.online\/index.php\/2021\/05\/06\/jhc-anuncia-via-rede-social-ampliacao-no-plano-de-imunizacao-contra-a-covid-19\/","title":{"rendered":"Prefeito de Macei\u00f3 anuncia amplia\u00e7\u00e3o da vacina\u00e7\u00e3o contra a Covid-19; pessoas com comorbidades a partir de 45 anos j\u00e1 podem se vacinar"},"content":{"rendered":"\n<p><em>Foto assessoria: vacina\u00e7\u00e3o<\/em><\/p>\n\n\n\n<p><em>Jo\u00e3o Pedro Magnani &#8211; estagi\u00e1rio sob supervis\u00e3o <\/em><\/p>\n\n\n\n<p>As pessoas com comorbidades a partir de 45 anos podem ser imunizadas contra o Corona\u00edrus j\u00e1 nesta quinta-feira (06). A amplia\u00e7\u00e3o da vacina\u00e7\u00e3o foi anunciada na manh\u00e3 de hoje pelo prefeito JHC via rede social.<\/p>\n\n\n\n<p>Al\u00e9m disto, o prefeito da capital alagoana tamb\u00e9m comunicou que nessa sexta-feira (07) os trabalhadores da sa\u00fade com 25 anos ou mais entram no plano de vacina\u00e7\u00e3o.<\/p>\n\n\n\n<p>\u201cA partir de hoje, vamos ampliar a vacina\u00e7\u00e3o para as pessoas com comorbidades de 45+. Amanh\u00e3 (07\/05), \u00e9 a vez dos trabalhadores da sa\u00fade de 25+. Refor\u00e7o que os pontos de vacina\u00e7\u00e3o funcionam de 9h \u00e0s 16h! Macei\u00f3 segue avan\u00e7ando.\u201d, explicou JHC.<\/p>\n\n\n\n<p>De acordo com o site da Vacina Macei\u00f3, 254, 336 mil doses de imunizantes contra a Covid-19 foram aplicadas s\u00f3 na capital.<\/p>\n\n\n\n<p>Vale lembrar que, para quem estar incluso no plano de vacina\u00e7\u00e3o, \u00e9 necess\u00e1rio se fazer presente com comprovante de resid\u00eancia, documento com foto e CPF; no caso de comorbidade, documento de comprova\u00e7\u00e3o, em um dos oito pontos de imuniza\u00e7\u00e3o.<\/p>\n","protected":false},"excerpt":{"rendered":"<p>Foto assessoria: vacina\u00e7\u00e3o Jo\u00e3o Pedro Magnani &#8211; estagi\u00e1rio sob supervis\u00e3o As pessoas com comorbidades a partir de 45 anos podem<\/p>\n","protected":false},"author":1,"featured_media":3762,"comment_status":"open","ping_status":"open","sticky":false,"template":"","format":"standard","meta":{"colormag_page_container_layout":"default_layout","colormag_page_sidebar_layout":"default_layout","footnotes":""},"categories":[10],"tags":[82,267,140],"class_list":["post-6446","post","type-post","status-publish","format-standard","has-post-thumbnail","hentry","category-noticias","tag-covid-19","tag-imunizacao","tag-jhc"],"aioseo_notices":[],"_links":{"self":[{"href":"https:\/\/portalr3.online\/index.php\/wp-json\/wp\/v2\/posts\/6446","targetHints":{"allow":["GET"]}}],"collection":[{"href":"https:\/\/portalr3.online\/index.php\/wp-json\/wp\/v2\/posts"}],"about":[{"href":"https:\/\/portalr3.online\/index.php\/wp-json\/wp\/v2\/types\/post"}],"author":[{"embeddable":true,"href":"https:\/\/portalr3.online\/index.php\/wp-json\/wp\/v2\/users\/1"}],"replies":[{"embeddable":true,"href":"https:\/\/portalr3.online\/index.php\/wp-json\/wp\/v2\/comments?post=6446"}],"version-history":[{"count":0,"href":"https:\/\/portalr3.online\/index.php\/wp-json\/wp\/v2\/posts\/6446\/revisions"}],"wp:featuredmedia":[{"embeddable":true,"href":"https:\/\/portalr3.online\/index.php\/wp-json\/"}],"wp:attachment":[{"href":"https:\/\/portalr3.online\/index.php\/wp-json\/wp\/v2\/media?parent=6446"}],"wp:term":[{"taxonomy":"category","embeddable":true,"href":"https:\/\/portalr3.online\/index.php\/wp-json\/wp\/v2\/categories?post=6446"},{"taxonomy":"post_tag","embeddable":true,"href":"https:\/\/portalr3.online\/index.php\/wp-json\/wp\/v2\/tags?post=6446"}],"curies":[{"name":"wp","href":"https:\/\/api.w.org\/{rel}","templated":true}]}}