{"id":644,"date":"2021-04-21T12:54:37","date_gmt":"2021-04-21T15:54:37","guid":{"rendered":"https:\/\/redacaolivre.com\/?p=644"},"modified":"2021-04-21T12:54:37","modified_gmt":"2021-04-21T15:54:37","slug":"ministro-marco-aurelio-revela-voto-em-haddad-na-eleicao-de-2018-2","status":"publish","type":"post","link":"https:\/\/portalr3.online\/index.php\/2021\/04\/21\/ministro-marco-aurelio-revela-voto-em-haddad-na-eleicao-de-2018-2\/","title":{"rendered":"Ministro Marco Aur\u00e9lio revela voto em Haddad na elei\u00e7\u00e3o de 2018"},"content":{"rendered":"\n<p>Em entrevista ao&nbsp;UOL Not\u00edcias&nbsp;no \u00faltimo dia 12, o ministro decano do Supremo Tribunal Federal (STF), Marco Aur\u00e9lio Mello, revelou seu voto no ex-presidenci\u00e1vel Fernando Haddad, do Partido dos Trabalhadores (PT).<\/p>\n\n\n\n<p>\u201cVotei no Haddad e, revelando meu voto, sou um homem transparente. Votei no Haddad porque foi bom prefeito em S\u00e3o Paulo, porque ele, sendo eleito pelo PT, faria tudo ao alcance para recuperar a imagem do partido, que n\u00f3s acreditamos no in\u00edcio que fosse um partido diferente dos demais\u201d, disse o ministro ao responder \u00e0 pergunta do colunista Kennedy Alencar sobre o pleito em 2018.<\/p>\n\n\n\n<p>A pergunta veio na esteira de uma conversa sobre o poss\u00edvel voto no ex-presidente Luiz In\u00e1cio Lula da Silva em 2022, em uma disputa entre o petista e o presidente da Rep\u00fablica, Jair Bolsonaro.<\/p>\n\n\n\n<p>\u201cEspero n\u00e3o estar diante dessa op\u00e7\u00e3o. Aguardemos at\u00e9 o julgamento da pr\u00f3xima quarta-feira da quest\u00e3o alusiva \u00e0 nulidade por incompet\u00eancia territorial da 13\u00aa Vara Federal de Curitiba, dando o dito pelo n\u00e3o dito\u201d, disse o magistrado.<\/p>\n\n\n\n<p>Conforme o Ter\u00e7a Livre&nbsp;<strong>noticiou<\/strong>, na semana passada os ministros do STF decidiram por 8 a 3 manter a anula\u00e7\u00e3o das condena\u00e7\u00f5es do ex-presidente Lula no \u00e2mbito da Opera\u00e7\u00e3o Lava Jato. Marco Aur\u00e9lio, no entanto, foi um dos magistrados a votar contra a anula\u00e7\u00e3o.<\/p>\n\n\n\n<p>A aprecia\u00e7\u00e3o da suspei\u00e7\u00e3o do ex-ministro e juiz Sergio Moro, sobre sua atua\u00e7\u00e3o nos casos do l\u00edder do PT, ser\u00e1 retomada na pr\u00f3xima quinta-feira (22).<\/p>\n\n\n\n<p>Durante sua entrevista ao UOL, o ministro Marco Aur\u00e9lio ainda comentou sobre o \u201cnegacionismo\u201d durante a pandemia da Covid0-19, a liga\u00e7\u00e3o realizada pelo senador Jorge Kajuru ao presidente Bolsonaro e sobre um poss\u00edvel cen\u00e1rio de impeachment, ao que declarou ser contr\u00e1rio.<\/p>\n\n\n\n<p>\u201cN\u00e3o sou a favor de impeachment de dirigente algum. A ordem natural n\u00e3o \u00e9 essa. A ordem \u00e9 a observ\u00e2ncia do mandato, \u00e9 evidentemente observar a vontade da maioria dos eleitores\u201d, declarou o ministro.<\/p>\n\n\n\n<p>No Twitter diversos internautas criticaram as falas do ministro, alegando que elas exp\u00f5em sua falta de imparcialidade.<\/p>\n\n\n\n<p>\u201cMinistro Marco Aur\u00e9lio abre que votou em Haddad. Imparcialidade \u00e9 isso?\u201d,&nbsp;disse uma cidad\u00e3.<\/p>\n\n\n\n<p>\u201cComo pode um Ministro do STF confessar que \u00e9 PTista?\u201d,&nbsp;questionou outro usu\u00e1rio da rede social.<\/p>\n\n\n\n<p>Aos 74 anos, o decano do STF tem a previs\u00e3o de se aposentar em julho deste ano, abrindo, assim, uma vaga na Suprema Corte.<\/p>\n\n\n\n<p>O novo ministro (a) ser\u00e1 a segunda indica\u00e7\u00e3o do presidente Jair Bolsonaro para o Supremo durante seu mandato.<\/p>\n","protected":false},"excerpt":{"rendered":"<p>Em entrevista ao&nbsp;UOL Not\u00edcias&nbsp;no \u00faltimo dia 12, o ministro decano do Supremo Tribunal Federal (STF), Marco Aur\u00e9lio Mello, revelou seu<\/p>\n","protected":false},"author":1,"featured_media":645,"comment_status":"closed","ping_status":"closed","sticky":false,"template":"","format":"standard","meta":{"colormag_page_container_layout":"default_layout","colormag_page_sidebar_layout":"default_layout","footnotes":""},"categories":[16],"tags":[],"class_list":["post-644","post","type-post","status-publish","format-standard","has-post-thumbnail","hentry","category-politica"],"aioseo_notices":[],"_links":{"self":[{"href":"https:\/\/portalr3.online\/index.php\/wp-json\/wp\/v2\/posts\/644","targetHints":{"allow":["GET"]}}],"collection":[{"href":"https:\/\/portalr3.online\/index.php\/wp-json\/wp\/v2\/posts"}],"about":[{"href":"https:\/\/portalr3.online\/index.php\/wp-json\/wp\/v2\/types\/post"}],"author":[{"embeddable":true,"href":"https:\/\/portalr3.online\/index.php\/wp-json\/wp\/v2\/users\/1"}],"replies":[{"embeddable":true,"href":"https:\/\/portalr3.online\/index.php\/wp-json\/wp\/v2\/comments?post=644"}],"version-history":[{"count":0,"href":"https:\/\/portalr3.online\/index.php\/wp-json\/wp\/v2\/posts\/644\/revisions"}],"wp:featuredmedia":[{"embeddable":true,"href":"https:\/\/portalr3.online\/index.php\/wp-json\/wp\/v2\/media\/645"}],"wp:attachment":[{"href":"https:\/\/portalr3.online\/index.php\/wp-json\/wp\/v2\/media?parent=644"}],"wp:term":[{"taxonomy":"category","embeddable":true,"href":"https:\/\/portalr3.online\/index.php\/wp-json\/wp\/v2\/categories?post=644"},{"taxonomy":"post_tag","embeddable":true,"href":"https:\/\/portalr3.online\/index.php\/wp-json\/wp\/v2\/tags?post=644"}],"curies":[{"name":"wp","href":"https:\/\/api.w.org\/{rel}","templated":true}]}}