{"id":6400,"date":"2021-05-05T18:33:03","date_gmt":"2021-05-05T21:33:03","guid":{"rendered":"https:\/\/portalnarede.com.br\/?p=6400"},"modified":"2021-05-05T18:33:03","modified_gmt":"2021-05-05T21:33:03","slug":"velorio-das-vitimas-de-ataque-a-creche-supera-mil-pessoas","status":"publish","type":"post","link":"https:\/\/portalr3.online\/index.php\/2021\/05\/05\/velorio-das-vitimas-de-ataque-a-creche-supera-mil-pessoas\/","title":{"rendered":"Vel\u00f3rio das v\u00edtimas de ataque a creche supera mil pessoas"},"content":{"rendered":"\n<p><\/p>\n\n\n\n<p>Com informa\u00e7\u00f5es: Estad\u00e3o<\/p>\n\n\n\n<p>Os corpos das cinco v\u00edtimas do ataque \u00e0 creche Pr\u00f3-Inf\u00e2ncia Aquarela foram velados no M\u00f3dulo Esportivo, bairro Lage de Pedra, em Saudades, na madrugada desta quarta-feira, 5. Mais de mil pessoas prestaram homenagens, e mensagens de solidariedade se multiplicam pela cidade, que fica no oeste de Santa Catarina.<\/p>\n\n\n\n<p>A cidade est\u00e1 em luto pela perda das cinco v\u00edtimas do ataque, que resultou na morte de tr\u00eas crian\u00e7as e duas funcion\u00e1rias da creche. Uma crian\u00e7a de 1 ano e 9 meses segue internada na UTI Pedi\u00e1trica do Hospital Regional do Oeste, em Chapec\u00f3, e o estado de sa\u00fade dela \u00e9 considerado est\u00e1vel.<\/p>\n\n\n\n<p>Fabiano Kipper Mai, de 18 anos, teve a pris\u00e3o em flagrante decretada na quarta-feira, 5. Segundo o delegado Regional de Pol\u00edcia Civil de Chapec\u00f3, Ricardo Casagrande, a investiga\u00e7\u00e3o est\u00e1 a cargo da Pol\u00edcia Civil da Comarca de Pinhalzinho, que aguarda a libera\u00e7\u00e3o m\u00e9dica para colher o depoimento do jovem, que est\u00e1 internado no Hospital Regional do Oeste em Chapec\u00f3.<\/p>\n\n\n\n<p>Segundo o delegado Jer\u00f4nimo Mar\u00e7al Ferreira, que acompanha o caso, a situa\u00e7\u00e3o de sa\u00fade do agressor ainda \u00e9 considerada grave. &#8220;Ele ainda est\u00e1 em uma situa\u00e7\u00e3o prec\u00e1ria de sa\u00fade. Estou monitorando a situa\u00e7\u00e3o dele. Assim que for poss\u00edvel eu vou interrog\u00e1-lo, se for poss\u00edvel, se ele sobreviver&#8221; afirmou.<\/p>\n","protected":false},"excerpt":{"rendered":"<p>Com informa\u00e7\u00f5es: Estad\u00e3o Os corpos das cinco v\u00edtimas do ataque \u00e0 creche Pr\u00f3-Inf\u00e2ncia Aquarela foram velados no M\u00f3dulo Esportivo, bairro<\/p>\n","protected":false},"author":1,"featured_media":6403,"comment_status":"open","ping_status":"open","sticky":false,"template":"","format":"standard","meta":{"colormag_page_container_layout":"default_layout","colormag_page_sidebar_layout":"default_layout","footnotes":""},"categories":[107],"tags":[101,279,228,280,281],"class_list":["post-6400","post","type-post","status-publish","format-standard","has-post-thumbnail","hentry","category-brasil","tag-assassinato","tag-ataque","tag-creche","tag-saudades-sc","tag-velorio"],"aioseo_notices":[],"_links":{"self":[{"href":"https:\/\/portalr3.online\/index.php\/wp-json\/wp\/v2\/posts\/6400","targetHints":{"allow":["GET"]}}],"collection":[{"href":"https:\/\/portalr3.online\/index.php\/wp-json\/wp\/v2\/posts"}],"about":[{"href":"https:\/\/portalr3.online\/index.php\/wp-json\/wp\/v2\/types\/post"}],"author":[{"embeddable":true,"href":"https:\/\/portalr3.online\/index.php\/wp-json\/wp\/v2\/users\/1"}],"replies":[{"embeddable":true,"href":"https:\/\/portalr3.online\/index.php\/wp-json\/wp\/v2\/comments?post=6400"}],"version-history":[{"count":0,"href":"https:\/\/portalr3.online\/index.php\/wp-json\/wp\/v2\/posts\/6400\/revisions"}],"wp:featuredmedia":[{"embeddable":true,"href":"https:\/\/portalr3.online\/index.php\/wp-json\/wp\/v2\/media\/6403"}],"wp:attachment":[{"href":"https:\/\/portalr3.online\/index.php\/wp-json\/wp\/v2\/media?parent=6400"}],"wp:term":[{"taxonomy":"category","embeddable":true,"href":"https:\/\/portalr3.online\/index.php\/wp-json\/wp\/v2\/categories?post=6400"},{"taxonomy":"post_tag","embeddable":true,"href":"https:\/\/portalr3.online\/index.php\/wp-json\/wp\/v2\/tags?post=6400"}],"curies":[{"name":"wp","href":"https:\/\/api.w.org\/{rel}","templated":true}]}}